{"id":139782,"date":"2022-11-13T21:14:48","date_gmt":"2022-11-14T00:14:48","guid":{"rendered":"http:\/\/centraldeportes.com.ar\/?p=26719"},"modified":"2025-02-02T21:02:21","modified_gmt":"2025-02-03T00:02:21","slug":"racing-festejo-bajo-la-lluvia-y-clasifico-a-la-siguiente-ronda","status":"publish","type":"post","link":"https:\/\/cdnoticias.com\/index.php\/2022\/11\/13\/racing-festejo-bajo-la-lluvia-y-clasifico-a-la-siguiente-ronda\/","title":{"rendered":"Racing festej\u00f3 bajo la lluvia y clasific\u00f3 a la siguiente ronda"},"content":{"rendered":"<p>En el Buglione Martinese, el \u201cChaira\u201d venci\u00f3 1 a 0 a El Fort\u00edn por la 5\u00b0 fecha del Torneo Regional Amateur y avanz\u00f3 a la Segunda Fase asegur\u00e1ndose el mejor lugar. Ahora Embajadores y el elenco de Burghini definir\u00e1n el segundo boleto en la \u00faltima fecha.<!--more--><\/p>\n<hr \/>\n<p><strong>Empez\u00f3 a definirse el grupo de los olavarrienses en la lluviosa tarde de este domingo<\/strong> donde <strong>Racing<\/strong>, que lleg\u00f3 entonado tras el triunfo en el \u201cTete\u201d Di Carlo, <strong>recibi\u00f3 a El Fort\u00edn por la 5\u00b0 y pen\u00faltima fecha de la Zona 5<\/strong> perteneciente a la Regi\u00f3n Pampeana Sur.<\/p>\n<p>&nbsp;<\/p>\n<p>Las cosas que tiene el f\u00fatbol. Es que El Fort\u00edn, que termin\u00f3 con 9 jugadores, cont\u00f3 con las chances m\u00e1s claras pero a\u00fan as\u00ed se qued\u00f3 con las manos vac\u00edas. A su vez,<strong> el \u201cChaira\u201d mejor\u00f3 en el segundo tiempo y con un golazo de Santiago Izaguirre venci\u00f3 1 a 0 al elenco de la Av. Urquiza<\/strong> para conseguir los tres puntos vitales de clasificaci\u00f3n.<\/p>\n<p>&nbsp;<\/p>\n<h6><strong>El partido<\/strong><\/h6>\n<p>&nbsp;<\/p>\n<p>Bajo una ligera lluvia, El Fort\u00edn fue un poco m\u00e1s punzante que Racing y se apoder\u00f3 de la pelota en los primeros minutos en un terreno de juego resbaladizo y r\u00e1pido producto del agua ca\u00edda. Tuvo la primera situaci\u00f3n clara a los 10\u2019, Laguardia se meti\u00f3 en el \u00e1rea por la banda izquierda y jug\u00f3 atr\u00e1s para Bonavetti que no le peg\u00f3 bien y el esf\u00e9rico termin\u00f3 en las manos de Mosescu.<\/p>\n<p>&nbsp;<\/p>\n<p>Minutos m\u00e1s tarde, a los 23\u2019, nuevamente Bonavetti \u2013 de buen primer tiempo \u2013 se encarg\u00f3 de trasladar un contragolpe que culmin\u00f3 con un remate por encima del travesa\u00f1o de Pelaytay. Adem\u00e1s, cerca del cierre de la primera mitad, el elenco de Burghini lleg\u00f3 al gol \u2013 cabezazo de Bonavetti \u2013 pero termin\u00f3 siendo anulado por posici\u00f3n fuera de juego.<\/p>\n<p>&nbsp;<\/p>\n<p>Por su parte, a Racing le cost\u00f3 bastante pisar el \u00e1rea de Ram\u00edrez, la pelota le lleg\u00f3 poco a los delanteros y no cont\u00f3 con ocasiones manifiestas de gol. No obstante, a los 27\u2019, hubo un \u201ccamiseteo\u201d a Santiago Izaguirre dentro del \u00e1rea que Deber no advirti\u00f3. Era penal para el \u201cChaira\u201d.<\/p>\n<p>&nbsp;<\/p>\n<p>[soliloquy id=&#8221;26703&#8243;]<\/p>\n<p>&nbsp;<\/p>\n<p>El segundo tiempo comenz\u00f3 con todo porque a los 47\u2019, Ordozgoiti estrell\u00f3 el bal\u00f3n en el travesa\u00f1o tras un tiro libre bastante lejos del arco. Enseguida respondi\u00f3 El Fort\u00edn, en el minuto 52, con un disparo de afuera del \u00e1rea de Bonavetti que dio en el ca\u00f1o izquierdo y en el rebote Pelaytay la mand\u00f3 afuera.<\/p>\n<p>&nbsp;<\/p>\n<h6><strong>El golazo que destrab\u00f3 el partido<\/strong><\/h6>\n<p>Fue a los 64\u2019. Ordozgoiti de espaldas al arco le sirvi\u00f3 la pelota a <strong>Santiago Izaguirre<\/strong>, quien lleg\u00f3 de frente en buena posici\u00f3n y <strong>sac\u00f3 un derechazo a colocar que se meti\u00f3 en el \u00e1ngulo derecho del arco defendido por Ram\u00edrez para el 1 a 0 a favor del \u201cChaira\u201d<\/strong>.<\/p>\n<p>&nbsp;<\/p>\n<p>Tres minutos m\u00e1s tarde, a los 67\u2019, Tarasco \u2013 asistido por el autor del gol &#8211; \u00a0se perdi\u00f3 el segundo con un derechazo que impact\u00f3 en el palo derecho y se perdi\u00f3 por el fondo. Luego de la arremetida de la \u201cEstrellita\u201d todo se vino abajo para El Fort\u00edn, que qued\u00f3 con 9 por las expulsiones de Bonavetti e Ilekis sumado a las rojas en el cuerpo t\u00e9cnico.<\/p>\n<p>&nbsp;<\/p>\n<p><strong>Con esta victoria, Racing logr\u00f3 clasificar a la Segunda Ronda del Regional Amateur con el mejor lugar<\/strong> y el pr\u00f3ximo fin de semana,<strong> Embajadores y El Fort\u00edn disputar\u00e1n una verdadera final en el Ricardo S\u00e1nchez para definir el segundo clasificado de la Zona 5<\/strong>.<\/p>\n<hr \/>\n<h6><strong>Tabla de Posiciones Zona 5 \u2013 Regi\u00f3n Pampeana Sur<\/strong><\/h6>\n<p><strong>Racing (7 pts.)<\/strong>; Embajadores (<strong>4<\/strong>) y El Fort\u00edn (<strong>3<\/strong>).<\/p>\n<hr \/>\n<p><strong>S\u00edntesis Racing \u2013 El Fort\u00edn: <\/strong><\/p>\n<p><strong>Racing (1): <\/strong>Juan Ignacio Mosescu; Joaqu\u00edn Ayesa, Nicol\u00e1s Grigera, Gonzalo Izaguirre, Ayrton Palmieri; Santiago Izaguirre, Diego Fr\u00edas (A. Cataldi), Pablo Mujica (A. Rubio), Mat\u00edas Ordozgoiti; Ruben Tarasco y Manuel Montiel (Y. Gonz\u00e1lez). DT: Roberto Tucker.<\/p>\n<p><strong>El Fort\u00edn (0): <\/strong>N\u00e9stor Ram\u00edrez; Tom\u00e1s Teves, Hugo Larregina, Andr\u00e9s Ilekis, Enzo Barrientos, Silvio Laguardia (F. Galv\u00e1n); Gian Franco Di Tommaso (P. Ponce), Marcos Bonavetti, Gustavo Tolosa; Ra\u00fal Tortorella (R. Garro) y Gervasio Pelaytay. DT: Pablo Burghini.<\/p>\n<p><strong>Goles<\/strong>: 19m. ST Santiago Izaguirre (RAC).<\/p>\n<p><strong>Amonestados<\/strong>: Tolosa y Pelaytay (El Fort\u00edn); G. Izaguirre, Ordozgoiti y Cataldi (Racing).<\/p>\n<p><strong>Expulsados<\/strong>: 27m. ST Marcos Bonavetti, 28m. ST Maximiliano Di Matteo \u2013 AC -, 30m. ST Andr\u00e9s Ilekis y 32m. ST Pablo Burghini \u2013 DT \u2013 (EF).<\/p>\n<p><strong>\u00c1rbitro<\/strong>: Adri\u00e1n Deber. <strong>Estadio<\/strong>: Buglione Martinese.<\/p>\n","protected":false},"excerpt":{"rendered":"<p>En el Buglione Martinese, el \u201cChaira\u201d venci\u00f3 1 a 0 a El Fort\u00edn por la 5\u00b0 fecha del Torneo Regional<\/p>\n","protected":false},"author":96739694,"featured_media":150498,"comment_status":"closed","ping_status":"closed","sticky":false,"template":"","format":"standard","meta":{"_jetpack_memberships_contains_paid_content":false,"footnotes":""},"categories":[35,1,54],"tags":[],"class_list":["post-139782","post","type-post","status-publish","format-standard","has-post-thumbnail","hentry","category-futbol","category-portada","category-torneo-regional-amateur"],"jetpack_featured_media_url":"https:\/\/i0.wp.com\/cdnoticias.com\/wp-content\/uploads\/2022\/11\/rac-elfortin-trfa-1.jpeg?fit=1500%2C1000&ssl=1","jetpack_sharing_enabled":true,"_links":{"self":[{"href":"https:\/\/cdnoticias.com\/index.php\/wp-json\/wp\/v2\/posts\/139782","targetHints":{"allow":["GET"]}}],"collection":[{"href":"https:\/\/cdnoticias.com\/index.php\/wp-json\/wp\/v2\/posts"}],"about":[{"href":"https:\/\/cdnoticias.com\/index.php\/wp-json\/wp\/v2\/types\/post"}],"author":[{"embeddable":true,"href":"https:\/\/cdnoticias.com\/index.php\/wp-json\/wp\/v2\/users\/96739694"}],"replies":[{"embeddable":true,"href":"https:\/\/cdnoticias.com\/index.php\/wp-json\/wp\/v2\/comments?post=139782"}],"version-history":[{"count":0,"href":"https:\/\/cdnoticias.com\/index.php\/wp-json\/wp\/v2\/posts\/139782\/revisions"}],"wp:featuredmedia":[{"embeddable":true,"href":"https:\/\/cdnoticias.com\/index.php\/wp-json\/wp\/v2\/media\/150498"}],"wp:attachment":[{"href":"https:\/\/cdnoticias.com\/index.php\/wp-json\/wp\/v2\/media?parent=139782"}],"wp:term":[{"taxonomy":"category","embeddable":true,"href":"https:\/\/cdnoticias.com\/index.php\/wp-json\/wp\/v2\/categories?post=139782"},{"taxonomy":"post_tag","embeddable":true,"href":"https:\/\/cdnoticias.com\/index.php\/wp-json\/wp\/v2\/tags?post=139782"}],"curies":[{"name":"wp","href":"https:\/\/api.w.org\/{rel}","templated":true}]}}