{"id":139778,"date":"2022-11-13T14:12:02","date_gmt":"2022-11-13T17:12:02","guid":{"rendered":"http:\/\/centraldeportes.com.ar\/?p=26688"},"modified":"2025-02-02T20:59:47","modified_gmt":"2025-02-02T23:59:47","slug":"dura-sancion-para-mauricio-cardillo","status":"publish","type":"post","link":"https:\/\/cdnoticias.com\/index.php\/2022\/11\/13\/dura-sancion-para-mauricio-cardillo\/","title":{"rendered":"Dura sanci\u00f3n para Mauricio Cardillo"},"content":{"rendered":"<p>El olavarriense y cinco integrantes m\u00e1s de la Reserva de Lan\u00fas fueron sancionados con varias fechas de suspensi\u00f3n tras los disturbios en la final contra Boca por el Trofeo de Campeones.<!--more--><\/p>\n<hr \/>\n<p><strong>El Tribunal de Disciplina<\/strong> actu\u00f3 de oficio y<strong> sancion\u00f3 a 4 jugadores y 2 miembros del cuerpo t\u00e9cnico de la Reserva de Lan\u00fas<\/strong> luego de los incidentes ocurridos sobre en el final del Trofeo de Campeones.<\/p>\n<p>&nbsp;<\/p>\n<p>En cuanto a lo futbol\u00edstico, <strong>Boca<\/strong>, que <strong>cont\u00f3 con la presencia del jugador local Mateo Mend\u00eda en el banco de suplentes<\/strong>,<a href=\"https:\/\/cdnoticias.com\/reserva-afa-boca-juniors-fue-campeon-y-festejo-mendia\/\"> venci\u00f3 2 a 0 al \u201cGranate<\/a>\u201d y se qued\u00f3 con el t\u00edtulo. Sin embargo, en el <strong>quinto minuto de adici\u00f3n<\/strong> sobre el cierre del encuentro, <strong>Mauricio Cardillo vio la roja directa y todo termin\u00f3 en bronca y empujones hacia el \u00e1rbitro del encuentro<\/strong>.<\/p>\n<p>&nbsp;<\/p>\n<p>Producto de los hechos,<strong> el olavarriense surgido de Embajadores recibi\u00f3 una dura sanci\u00f3n y fue suspendido por diez partidos<\/strong> debido a puntapi\u00e9 con pelota, adem\u00e1n equ\u00edvoco y desobediencia a orden de expulsi\u00f3n, inform\u00f3 el Tribunal. A su vez, los dem\u00e1s implicados en la situaci\u00f3n tambi\u00e9n fueron juzgados con severas penas.<\/p>\n<p>&nbsp;<\/p>\n<h6><strong>El momento de los disturbios<\/strong><\/h6>\n<blockquote class=\"twitter-tweet\" data-width=\"550\" data-dnt=\"true\">\n<p lang=\"es\" dir=\"ltr\">\u00a1SE PIC\u00d3 TODO EN VICENTE L\u00d3PEZ! Los jugadores de Lan\u00fas explotaron de bronca contra el \u00e1rbitro sobre el final del partido en la definici\u00f3n del <a href=\"https:\/\/twitter.com\/hashtag\/TrofeoDeCampeones?src=hash&amp;ref_src=twsrc%5Etfw\">#TrofeoDeCampeones<\/a>. <a href=\"https:\/\/t.co\/kvvF0W2SMy\">pic.twitter.com\/kvvF0W2SMy<\/a><\/p>\n<p>&mdash; ESPN F\u00fatbol Argentina (@ESPNFutbolArg) <a href=\"https:\/\/twitter.com\/ESPNFutbolArg\/status\/1587551896172044289?ref_src=twsrc%5Etfw\">November 1, 2022<\/a><\/p><\/blockquote>\n<p><script async src=\"https:\/\/platform.twitter.com\/widgets.js\" charset=\"utf-8\"><\/script><\/p>\n","protected":false},"excerpt":{"rendered":"<p>El olavarriense y cinco integrantes m\u00e1s de la Reserva de Lan\u00fas fueron sancionados con varias fechas de suspensi\u00f3n tras los<\/p>\n","protected":false},"author":96739694,"featured_media":149048,"comment_status":"closed","ping_status":"closed","sticky":false,"template":"","format":"standard","meta":{"_jetpack_memberships_contains_paid_content":false,"footnotes":""},"categories":[35,37,1],"tags":[],"class_list":["post-139778","post","type-post","status-publish","format-standard","has-post-thumbnail","hentry","category-futbol","category-futbol-profesional","category-portada"],"jetpack_featured_media_url":"https:\/\/i0.wp.com\/cdnoticias.com\/wp-content\/uploads\/2022\/10\/cardillo.png?fit=800%2C445&ssl=1","jetpack_sharing_enabled":true,"_links":{"self":[{"href":"https:\/\/cdnoticias.com\/index.php\/wp-json\/wp\/v2\/posts\/139778","targetHints":{"allow":["GET"]}}],"collection":[{"href":"https:\/\/cdnoticias.com\/index.php\/wp-json\/wp\/v2\/posts"}],"about":[{"href":"https:\/\/cdnoticias.com\/index.php\/wp-json\/wp\/v2\/types\/post"}],"author":[{"embeddable":true,"href":"https:\/\/cdnoticias.com\/index.php\/wp-json\/wp\/v2\/users\/96739694"}],"replies":[{"embeddable":true,"href":"https:\/\/cdnoticias.com\/index.php\/wp-json\/wp\/v2\/comments?post=139778"}],"version-history":[{"count":0,"href":"https:\/\/cdnoticias.com\/index.php\/wp-json\/wp\/v2\/posts\/139778\/revisions"}],"wp:featuredmedia":[{"embeddable":true,"href":"https:\/\/cdnoticias.com\/index.php\/wp-json\/wp\/v2\/media\/149048"}],"wp:attachment":[{"href":"https:\/\/cdnoticias.com\/index.php\/wp-json\/wp\/v2\/media?parent=139778"}],"wp:term":[{"taxonomy":"category","embeddable":true,"href":"https:\/\/cdnoticias.com\/index.php\/wp-json\/wp\/v2\/categories?post=139778"},{"taxonomy":"post_tag","embeddable":true,"href":"https:\/\/cdnoticias.com\/index.php\/wp-json\/wp\/v2\/tags?post=139778"}],"curies":[{"name":"wp","href":"https:\/\/api.w.org\/{rel}","templated":true}]}}