{"id":139774,"date":"2022-11-12T18:49:02","date_gmt":"2022-11-12T21:49:02","guid":{"rendered":"http:\/\/centraldeportes.com.ar\/?p=26652"},"modified":"2025-02-02T20:56:46","modified_gmt":"2025-02-02T23:56:46","slug":"debut-con-derrota-para-argentina-en-el-campeonato-panamericano","status":"publish","type":"post","link":"https:\/\/cdnoticias.com\/index.php\/2022\/11\/12\/debut-con-derrota-para-argentina-en-el-campeonato-panamericano\/","title":{"rendered":"Debut con derrota para Argentina en el Campeonato Panamericano"},"content":{"rendered":"<p>En Guatemala comenz\u00f3 el Campeonato Panamericano de softbol Femenino y Argentina, con Emily Burgos y Dolores Fern\u00e1ndez Melo en el equipo, cay\u00f3 ante Estados Unidos en el Debut.<!--more--><\/p>\n<hr \/>\n<p>El equipo nacional tuvo su primer partido del Grupo A en la tarde de este s\u00e1bado y fue con derrota ante una de las potencias del certamen por 9 a 2.<\/p>\n<p>&nbsp;<\/p>\n<p>La competencia que tiene al equipo nacional integrando la Zona A con Estados Unidos, Puerto Rico, Costa Rica, Brasil, El Salvador y Venezuela entrega cinco boletos para el Campeonato Mundial 2023 y tambi\u00e9n cinco lugares para los Juegos Panamericanos que se celebrar\u00e1n en Santiago de Chile.<\/p>\n<p>&nbsp;<\/p>\n<p>Este domingo, desde las 15:45 (hora argentina) enfrentar\u00e1n por la segunda fecha del Grupo A a Puerto Rico que venci\u00f3 en la primera fecha a Brasil por 4 a 3.<\/p>\n","protected":false},"excerpt":{"rendered":"<p>En Guatemala comenz\u00f3 el Campeonato Panamericano de softbol Femenino y Argentina, con Emily Burgos y Dolores Fern\u00e1ndez Melo en el<\/p>\n","protected":false},"author":96739694,"featured_media":150355,"comment_status":"closed","ping_status":"closed","sticky":false,"template":"","format":"standard","meta":{"_jetpack_memberships_contains_paid_content":false,"footnotes":""},"categories":[30,1],"tags":[],"class_list":["post-139774","post","type-post","status-publish","format-standard","has-post-thumbnail","hentry","category-polideportivo","category-portada"],"jetpack_featured_media_url":"https:\/\/i0.wp.com\/cdnoticias.com\/wp-content\/uploads\/2022\/11\/WhatsApp-Image-2022-11-12-at-18.41.37-e1668289707210.jpeg?fit=960%2C691&ssl=1","jetpack_sharing_enabled":true,"_links":{"self":[{"href":"https:\/\/cdnoticias.com\/index.php\/wp-json\/wp\/v2\/posts\/139774","targetHints":{"allow":["GET"]}}],"collection":[{"href":"https:\/\/cdnoticias.com\/index.php\/wp-json\/wp\/v2\/posts"}],"about":[{"href":"https:\/\/cdnoticias.com\/index.php\/wp-json\/wp\/v2\/types\/post"}],"author":[{"embeddable":true,"href":"https:\/\/cdnoticias.com\/index.php\/wp-json\/wp\/v2\/users\/96739694"}],"replies":[{"embeddable":true,"href":"https:\/\/cdnoticias.com\/index.php\/wp-json\/wp\/v2\/comments?post=139774"}],"version-history":[{"count":0,"href":"https:\/\/cdnoticias.com\/index.php\/wp-json\/wp\/v2\/posts\/139774\/revisions"}],"wp:featuredmedia":[{"embeddable":true,"href":"https:\/\/cdnoticias.com\/index.php\/wp-json\/wp\/v2\/media\/150355"}],"wp:attachment":[{"href":"https:\/\/cdnoticias.com\/index.php\/wp-json\/wp\/v2\/media?parent=139774"}],"wp:term":[{"taxonomy":"category","embeddable":true,"href":"https:\/\/cdnoticias.com\/index.php\/wp-json\/wp\/v2\/categories?post=139774"},{"taxonomy":"post_tag","embeddable":true,"href":"https:\/\/cdnoticias.com\/index.php\/wp-json\/wp\/v2\/tags?post=139774"}],"curies":[{"name":"wp","href":"https:\/\/api.w.org\/{rel}","templated":true}]}}