{"id":139773,"date":"2022-11-12T16:21:04","date_gmt":"2022-11-12T19:21:04","guid":{"rendered":"http:\/\/centraldeportes.com.ar\/?p=26650"},"modified":"2025-02-02T20:57:14","modified_gmt":"2025-02-02T23:57:14","slug":"finalmente-no-se-jugara-la-7-fecha-de-la-copa-olavarria","status":"publish","type":"post","link":"https:\/\/cdnoticias.com\/index.php\/2022\/11\/12\/finalmente-no-se-jugara-la-7-fecha-de-la-copa-olavarria\/","title":{"rendered":"Finalmente, no se jugar\u00e1 la 7\u00b0 fecha de la \u201cCopa Olavarr\u00eda\u201d"},"content":{"rendered":"<p>La nueva cita del f\u00fatbol menor qued\u00f3 suspendida a ra\u00edz de las condiciones clim\u00e1ticas poco favorables para la jornada de este s\u00e1bado.<!--more--><\/p>\n<hr \/>\n<p>No habr\u00e1 f\u00fatbol de Inferiores durante este fin de semana. <strong>Este s\u00e1bado<\/strong> por la ma\u00f1ana, l<strong>a Liga de F\u00fatbol de Olavarr\u00eda comunic\u00f3 la suspensi\u00f3n de la 7\u00b0 fecha<\/strong> del \u00faltimo torneo oficial del a\u00f1o.<\/p>\n<p>&nbsp;<\/p>\n<p>Seg\u00fan trascendi\u00f3 desde el ente regulador,<strong> el motivo de la interrupci\u00f3n se debe a las p\u00e9simas condiciones clim\u00e1ticas pronosticadas para la jornada<\/strong>.<\/p>\n<p>&nbsp;<\/p>\n<p>Por tal motivo y al no jugarse ninguno de los partidos pactados, la fecha ser\u00e1 reprogramada para los pr\u00f3ximos d\u00edas.<\/p>\n","protected":false},"excerpt":{"rendered":"<p>La nueva cita del f\u00fatbol menor qued\u00f3 suspendida a ra\u00edz de las condiciones clim\u00e1ticas poco favorables para la jornada de<\/p>\n","protected":false},"author":96739694,"featured_media":150366,"comment_status":"closed","ping_status":"closed","sticky":false,"template":"","format":"standard","meta":{"_jetpack_memberships_contains_paid_content":false,"footnotes":""},"categories":[35,40,1],"tags":[],"class_list":["post-139773","post","type-post","status-publish","format-standard","has-post-thumbnail","hentry","category-futbol","category-inferiores","category-portada"],"jetpack_featured_media_url":"https:\/\/i0.wp.com\/cdnoticias.com\/wp-content\/uploads\/2022\/10\/inf-lfo-45.jpeg?fit=1280%2C853&ssl=1","jetpack_sharing_enabled":true,"_links":{"self":[{"href":"https:\/\/cdnoticias.com\/index.php\/wp-json\/wp\/v2\/posts\/139773","targetHints":{"allow":["GET"]}}],"collection":[{"href":"https:\/\/cdnoticias.com\/index.php\/wp-json\/wp\/v2\/posts"}],"about":[{"href":"https:\/\/cdnoticias.com\/index.php\/wp-json\/wp\/v2\/types\/post"}],"author":[{"embeddable":true,"href":"https:\/\/cdnoticias.com\/index.php\/wp-json\/wp\/v2\/users\/96739694"}],"replies":[{"embeddable":true,"href":"https:\/\/cdnoticias.com\/index.php\/wp-json\/wp\/v2\/comments?post=139773"}],"version-history":[{"count":0,"href":"https:\/\/cdnoticias.com\/index.php\/wp-json\/wp\/v2\/posts\/139773\/revisions"}],"wp:featuredmedia":[{"embeddable":true,"href":"https:\/\/cdnoticias.com\/index.php\/wp-json\/wp\/v2\/media\/150366"}],"wp:attachment":[{"href":"https:\/\/cdnoticias.com\/index.php\/wp-json\/wp\/v2\/media?parent=139773"}],"wp:term":[{"taxonomy":"category","embeddable":true,"href":"https:\/\/cdnoticias.com\/index.php\/wp-json\/wp\/v2\/categories?post=139773"},{"taxonomy":"post_tag","embeddable":true,"href":"https:\/\/cdnoticias.com\/index.php\/wp-json\/wp\/v2\/tags?post=139773"}],"curies":[{"name":"wp","href":"https:\/\/api.w.org\/{rel}","templated":true}]}}