{"id":139751,"date":"2022-11-09T23:15:11","date_gmt":"2022-11-10T02:15:11","guid":{"rendered":"http:\/\/centraldeportes.com.ar\/?p=26496"},"modified":"2025-02-10T20:51:56","modified_gmt":"2025-02-10T23:51:56","slug":"debut-y-despedida-para-chingotto-y-garrido-en-el-malmo-open","status":"publish","type":"post","link":"https:\/\/cdnoticias.com\/index.php\/2022\/11\/09\/debut-y-despedida-para-chingotto-y-garrido-en-el-malmo-open\/","title":{"rendered":"Debut y despedida para Chingotto y Garrido en el Malmo Open"},"content":{"rendered":"<p>Federico Chingotto y su nuevo compa\u00f1ero Javier Garrido se presentaron este mi\u00e9rcoles en un nuevo torneo del World P\u00e1del Tour pero fue con derrota ante Maximiliano S\u00e1nchez y Luciano Capra.<!--more--><\/p>\n<hr \/>\n<p>Chingotto y Garrido debutaron con derrota en el Malmo Open al caer en Dieciseisavos de Final ante S\u00e1nchez y Capra por 3-6, 7-5 y 7-6.<\/p>\n<p>&nbsp;<\/p>\n<p>El partido de este mi\u00e9rcoles signific\u00f3 el tercero en pareja con el deportista espa\u00f1ol tras la separaci\u00f3n con Juan Tello y no fue de gran forma en la competencia de Suecia.<\/p>\n","protected":false},"excerpt":{"rendered":"<p>Federico Chingotto y su nuevo compa\u00f1ero Javier Garrido se presentaron este mi\u00e9rcoles en un nuevo torneo del World P\u00e1del Tour<\/p>\n","protected":false},"author":96739694,"featured_media":151635,"comment_status":"closed","ping_status":"closed","sticky":false,"template":"","format":"standard","meta":{"_jetpack_memberships_contains_paid_content":false,"footnotes":""},"categories":[30,1],"tags":[],"class_list":["post-139751","post","type-post","status-publish","format-standard","has-post-thumbnail","hentry","category-polideportivo","category-portada"],"jetpack_featured_media_url":"https:\/\/i0.wp.com\/cdnoticias.com\/wp-content\/uploads\/2022\/11\/WhatsApp-Image-2022-11-09-at-22.36.02.jpeg?fit=1170%2C669&ssl=1","jetpack_sharing_enabled":true,"_links":{"self":[{"href":"https:\/\/cdnoticias.com\/index.php\/wp-json\/wp\/v2\/posts\/139751","targetHints":{"allow":["GET"]}}],"collection":[{"href":"https:\/\/cdnoticias.com\/index.php\/wp-json\/wp\/v2\/posts"}],"about":[{"href":"https:\/\/cdnoticias.com\/index.php\/wp-json\/wp\/v2\/types\/post"}],"author":[{"embeddable":true,"href":"https:\/\/cdnoticias.com\/index.php\/wp-json\/wp\/v2\/users\/96739694"}],"replies":[{"embeddable":true,"href":"https:\/\/cdnoticias.com\/index.php\/wp-json\/wp\/v2\/comments?post=139751"}],"version-history":[{"count":0,"href":"https:\/\/cdnoticias.com\/index.php\/wp-json\/wp\/v2\/posts\/139751\/revisions"}],"wp:featuredmedia":[{"embeddable":true,"href":"https:\/\/cdnoticias.com\/index.php\/wp-json\/wp\/v2\/media\/151635"}],"wp:attachment":[{"href":"https:\/\/cdnoticias.com\/index.php\/wp-json\/wp\/v2\/media?parent=139751"}],"wp:term":[{"taxonomy":"category","embeddable":true,"href":"https:\/\/cdnoticias.com\/index.php\/wp-json\/wp\/v2\/categories?post=139751"},{"taxonomy":"post_tag","embeddable":true,"href":"https:\/\/cdnoticias.com\/index.php\/wp-json\/wp\/v2\/tags?post=139751"}],"curies":[{"name":"wp","href":"https:\/\/api.w.org\/{rel}","templated":true}]}}