{"id":139747,"date":"2022-11-09T18:15:45","date_gmt":"2022-11-09T21:15:45","guid":{"rendered":"http:\/\/centraldeportes.com.ar\/?p=26487"},"modified":"2025-02-10T20:48:48","modified_gmt":"2025-02-10T23:48:48","slug":"vuelven-los-arbitros-locales-al-duelo-olavarriense-del-regional-amateur","status":"publish","type":"post","link":"https:\/\/cdnoticias.com\/index.php\/2022\/11\/09\/vuelven-los-arbitros-locales-al-duelo-olavarriense-del-regional-amateur\/","title":{"rendered":"Vuelven los \u00e1rbitros locales al duelo olavarriense del Regional Amateur"},"content":{"rendered":"<p>El venidero fin de semana se disputar\u00e1 la quinta fecha del Torneo Regional Amateur y en la previa quedaron oficializados los d\u00edas, horarios y \u00e1rbitros para los cruces que involucran a cuatro de los cinco equipos olavarrienses. Adri\u00e1n Deber es el elegido para el partido entre Racing y El Fort\u00edn por la Zona 5.<\/p>\n<p><!--more--><\/p>\n<hr \/>\n<p>Entre s\u00e1bado y lunes habr\u00e1 actividad para los equipos olavarrienses en el Torneo Regional Amateur y el duelo entre Racing y El Fort\u00edn en el Buglione Martinese del venidero domingo a las 17:00 ser\u00e1 controlado por Adri\u00e1n Deber con Lisandro Rodr\u00edguez y Mat\u00edas Messineo como \u00e1rbitros.<\/p>\n<p>&nbsp;<\/p>\n<p>Previamente, en la noche del s\u00e1bado -20:30-, Estudiantes viajar\u00e1 a Azul para enfrentarse a River Plate y el duelo ser\u00e1 controlado por una terna tandilense encabezada por Diego Novelli y secundada por V\u00edctor Gonz\u00e1lez y Camila Romero.<\/p>\n<p>&nbsp;<\/p>\n<p>Cerrando la actuaci\u00f3n olavarriense, Ferro recibir\u00e1 a Empleados el lunes desde las 20:30 con Neri Zorn como \u00e1rbitro principal, Diego De la Fuente y Tom\u00e1s Ju\u00e1rez como asistentes. Todos oriundos de Laprida.<\/p>\n<p>&nbsp;<\/p>\n<p>Por \u00faltimo, una terna de la Asociaci\u00f3n de \u00c1rbitros de Olavarr\u00eda dirigir\u00e1 el partido entre Balonpi\u00e9 y Bancario del pr\u00f3ximo domingo a las 19:00. Cristian Arce ser\u00e1 el \u00e1rbitro principal y en las l\u00edneas estar\u00e1n Luis Fr\u00edas y Augusto Garc\u00eda.<\/p>\n","protected":false},"excerpt":{"rendered":"<p>El venidero fin de semana se disputar\u00e1 la quinta fecha del Torneo Regional Amateur y en la previa quedaron oficializados<\/p>\n","protected":false},"author":96739694,"featured_media":151561,"comment_status":"closed","ping_status":"closed","sticky":false,"template":"","format":"standard","meta":{"_jetpack_memberships_contains_paid_content":false,"footnotes":""},"categories":[35,1,54],"tags":[],"class_list":["post-139747","post","type-post","status-publish","format-standard","has-post-thumbnail","hentry","category-futbol","category-portada","category-torneo-regional-amateur"],"jetpack_featured_media_url":"https:\/\/i0.wp.com\/cdnoticias.com\/wp-content\/uploads\/2022\/10\/rac-ef-trfa-2.jpeg?fit=1500%2C1000&ssl=1","jetpack_sharing_enabled":true,"_links":{"self":[{"href":"https:\/\/cdnoticias.com\/index.php\/wp-json\/wp\/v2\/posts\/139747","targetHints":{"allow":["GET"]}}],"collection":[{"href":"https:\/\/cdnoticias.com\/index.php\/wp-json\/wp\/v2\/posts"}],"about":[{"href":"https:\/\/cdnoticias.com\/index.php\/wp-json\/wp\/v2\/types\/post"}],"author":[{"embeddable":true,"href":"https:\/\/cdnoticias.com\/index.php\/wp-json\/wp\/v2\/users\/96739694"}],"replies":[{"embeddable":true,"href":"https:\/\/cdnoticias.com\/index.php\/wp-json\/wp\/v2\/comments?post=139747"}],"version-history":[{"count":0,"href":"https:\/\/cdnoticias.com\/index.php\/wp-json\/wp\/v2\/posts\/139747\/revisions"}],"wp:featuredmedia":[{"embeddable":true,"href":"https:\/\/cdnoticias.com\/index.php\/wp-json\/wp\/v2\/media\/151561"}],"wp:attachment":[{"href":"https:\/\/cdnoticias.com\/index.php\/wp-json\/wp\/v2\/media?parent=139747"}],"wp:term":[{"taxonomy":"category","embeddable":true,"href":"https:\/\/cdnoticias.com\/index.php\/wp-json\/wp\/v2\/categories?post=139747"},{"taxonomy":"post_tag","embeddable":true,"href":"https:\/\/cdnoticias.com\/index.php\/wp-json\/wp\/v2\/tags?post=139747"}],"curies":[{"name":"wp","href":"https:\/\/api.w.org\/{rel}","templated":true}]}}