{"id":139736,"date":"2022-11-07T20:15:02","date_gmt":"2022-11-07T23:15:02","guid":{"rendered":"http:\/\/centraldeportes.com.ar\/?p=26389"},"modified":"2025-02-10T21:43:59","modified_gmt":"2025-02-11T00:43:59","slug":"ruben-tarasco-era-importante-sumar-de-a-tres-para-seguir-en-la-pelea","status":"publish","type":"post","link":"https:\/\/cdnoticias.com\/index.php\/2022\/11\/07\/ruben-tarasco-era-importante-sumar-de-a-tres-para-seguir-en-la-pelea\/","title":{"rendered":"Rub\u00e9n Tarasco: \u201cEra importante sumar de a tres para seguir en la pelea\u201d"},"content":{"rendered":"<p>El delantero tuvo su bautismo de gol con la camiseta del \u201cChaira\u201d en la victoria 2 a 1 sobre Embajadores por la 4\u00b0 fecha del Torneo Regional Amateur.<!--more--><\/p>\n<hr \/>\n<p>En el inicio de las revanchas, <strong>Racing<\/strong> <a href=\"https:\/\/cdnoticias.com\/racing-gano-en-el-tete-di-carlo-y-sumo-su-primer-triunfo-en-el-regional\/\">consigui\u00f3 un triunfo clave<\/a> <strong>en el sint\u00e9tico del \u201cTete\u201d Di Carlo el pasado domingo<\/strong> que lo posicion\u00f3 en puestos de clasificaci\u00f3n de la Zona 5 perteneciente a la Regi\u00f3n Pampeana Sur.<\/p>\n<p>&nbsp;<\/p>\n<p><strong>Fue victoria 2 a 1 del \u201cChaira\u201d sobre Embajadores<\/strong>, con goles de Mat\u00edas Ordozgoiti a los 15\u2019 y de <strong>Rub\u00e9n Tarasco de penal a los 29\u2019<\/strong> (descont\u00f3 Santino Sacchi \u00a0a los 79\u2019 para el \u201cDiplom\u00e1tico). <strong>Una vez consumada la victoria, el delantero oriundo de Sunchales dialog\u00f3 con la prensa sobre lo acontecido<\/strong>.<\/p>\n<p>&nbsp;<\/p>\n<p>\u201c<em><strong>Fuimos un poco m\u00e1s en el primer tiempo porque corrimos todos por igual<\/strong> y en el segundo quiz\u00e1 se desparej\u00f3 un poco porque ellos lo fueron a buscar\u201d<\/em>, comenz\u00f3 diciendo el atacante de Racing y luego afirm\u00f3: <em>\u201c<strong>Ten\u00edamos que sumar, era importante conseguir los tres para seguir en la pelea<\/strong>&#8220;.<\/em><\/p>\n<p>&nbsp;<\/p>\n<p><em>\u201cEllos son un gran equipo, no los subestimamos, <strong>salimos a presionarlos de entrada en el primer tiempo y les cerramos los pases que tienen bien trabajados<\/strong>\u201d<\/em>, continu\u00f3 analizando el partido el ex Sportivo Pe\u00f1arol.<\/p>\n<p>&nbsp;<\/p>\n<p>Por su parte, Tarasco no pudo estar presente en la primera rueda del certamen: \u201c<em><strong>Las primeras dos fechas no estaba habilitado porque ven\u00eda de jugar en el Federal A<\/strong>\u201d<\/em>, explic\u00f3 en primer t\u00e9rmino y m\u00e1s tarde respecto a su llegada al grupo sintetiz\u00f3: <em>\u201cMe sent\u00ed bien, <strong>por suerte me pude adaptar enseguida<\/strong> y el grupo es fenomenal\u201d.<\/em><\/p>\n<p>&nbsp;<\/p>\n<p>De cara a la recta final de la primera ronda el punta del \u201cChaira\u201d sostuvo: <em>\u201cEl grupo qued\u00f3 parejo y ahora <strong>hay que ganar de local<\/strong><\/em><strong> (contra El Fort\u00edn)\u00a0<\/strong><em><strong>\u00a0que ser\u00eda lo ideal para acercarnos a la clasificaci\u00f3n<\/strong>\u201d<\/em>, cerr\u00f3.<\/p>\n","protected":false},"excerpt":{"rendered":"<p>El delantero tuvo su bautismo de gol con la camiseta del \u201cChaira\u201d en la victoria 2 a 1 sobre Embajadores<\/p>\n","protected":false},"author":96739694,"featured_media":152376,"comment_status":"closed","ping_status":"closed","sticky":false,"template":"","format":"standard","meta":{"_jetpack_memberships_contains_paid_content":false,"footnotes":""},"categories":[35,1,54],"tags":[],"class_list":["post-139736","post","type-post","status-publish","format-standard","has-post-thumbnail","hentry","category-futbol","category-portada","category-torneo-regional-amateur"],"jetpack_featured_media_url":"https:\/\/i0.wp.com\/cdnoticias.com\/wp-content\/uploads\/2022\/11\/Photo_1667785689000.jpg?fit=1500%2C1000&ssl=1","jetpack_sharing_enabled":true,"_links":{"self":[{"href":"https:\/\/cdnoticias.com\/index.php\/wp-json\/wp\/v2\/posts\/139736","targetHints":{"allow":["GET"]}}],"collection":[{"href":"https:\/\/cdnoticias.com\/index.php\/wp-json\/wp\/v2\/posts"}],"about":[{"href":"https:\/\/cdnoticias.com\/index.php\/wp-json\/wp\/v2\/types\/post"}],"author":[{"embeddable":true,"href":"https:\/\/cdnoticias.com\/index.php\/wp-json\/wp\/v2\/users\/96739694"}],"replies":[{"embeddable":true,"href":"https:\/\/cdnoticias.com\/index.php\/wp-json\/wp\/v2\/comments?post=139736"}],"version-history":[{"count":0,"href":"https:\/\/cdnoticias.com\/index.php\/wp-json\/wp\/v2\/posts\/139736\/revisions"}],"wp:featuredmedia":[{"embeddable":true,"href":"https:\/\/cdnoticias.com\/index.php\/wp-json\/wp\/v2\/media\/152376"}],"wp:attachment":[{"href":"https:\/\/cdnoticias.com\/index.php\/wp-json\/wp\/v2\/media?parent=139736"}],"wp:term":[{"taxonomy":"category","embeddable":true,"href":"https:\/\/cdnoticias.com\/index.php\/wp-json\/wp\/v2\/categories?post=139736"},{"taxonomy":"post_tag","embeddable":true,"href":"https:\/\/cdnoticias.com\/index.php\/wp-json\/wp\/v2\/tags?post=139736"}],"curies":[{"name":"wp","href":"https:\/\/api.w.org\/{rel}","templated":true}]}}