{"id":139727,"date":"2022-11-07T06:07:35","date_gmt":"2022-11-07T09:07:35","guid":{"rendered":"http:\/\/centraldeportes.com.ar\/?p=26354"},"modified":"2025-02-10T21:42:42","modified_gmt":"2025-02-11T00:42:42","slug":"ferro-empato-en-daireaux-y-se-trajo-la-clasificacion","status":"publish","type":"post","link":"https:\/\/cdnoticias.com\/index.php\/2022\/11\/07\/ferro-empato-en-daireaux-y-se-trajo-la-clasificacion\/","title":{"rendered":"Ferro empat\u00f3 en Daireaux y se trajo la clasificaci\u00f3n"},"content":{"rendered":"<p>Por la 4\u00b0 fecha del Torneo Regional Amateur, el \u201cCarbonero\u201d empat\u00f3 0 a 0 con Bancario y consigui\u00f3 el punto para asegurarse el pasaje a la segunda ronda.<!--more--><\/p>\n<hr \/>\n<p>En la tarde de este domingo, <strong>Ferro viaj\u00f3 a Daireaux para enfrentar a Bancario por la 4\u00b0 fecha<\/strong> de la Zona 6 correspondiente a la Regi\u00f3n Pampeana Sur.<\/p>\n<p>&nbsp;<\/p>\n<p>El partido se disput\u00f3 en el estadio Hugo Rato y <strong>fue empate 0 a 0, punto que le dio al \u201cCarbonero\u201d la clasificaci\u00f3n a la pr\u00f3xima instancia<\/strong> del Torneo Regional Federal Amateur a falta de dos fechas por jugarse.<\/p>\n<p>&nbsp;<\/p>\n<p><img data-recalc-dims=\"1\" loading=\"lazy\" decoding=\"async\" class=\"aligncenter size-full wp-image-26356\" src=\"https:\/\/i0.wp.com\/centraldeportes.com.ar\/wp-content\/uploads\/2022\/11\/Bancario-vs-Ferro-Fecha-4-Regional-Amateurr.jpeg?resize=800%2C533\" alt=\"\" width=\"800\" height=\"533\" \/><\/p>\n<p>&nbsp;<\/p>\n<p>En el otro duelo disputado de la Zona, Balonpi\u00e9 venci\u00f3 2 a 0 a Empleados de Comercio. Justamente <strong>en la pr\u00f3xima fecha, el elenco comandado por Mauricio Peralta se enfrentar\u00e1 a Empleados en el Domingo Colasurdo<\/strong>.<\/p>\n<p>&nbsp;<\/p>\n<p>Fotos: <strong>Fotograf\u00edas Verito.<\/strong><\/p>\n<hr \/>\n<h6><strong>Tabla de Posiciones Zona 6 \u2013 Regi\u00f3n Pampeana Sur<\/strong><\/h6>\n<p>Ferro Carril Sud (<strong>10 pts.<\/strong>); Balonpi\u00e9 (<strong>7<\/strong>); Bancario (<strong>3<\/strong>) y Empleados (<strong>1<\/strong>).<\/p>\n<hr \/>\n<p><strong>S\u00edntesis Bancario \u2013 Ferro Carril Sud<\/strong>:<\/p>\n<p><strong>Bancario (0):<\/strong> Juan Pablo Arreguez; Renzo Cordero, Sebasti\u00e1n Mansilla, Mat\u00edas Alb\u00edn (D. Straccia), Jonathan Rosello; Nahuel Thoman, Gabriel Gonz\u00e1lez (C. Artaza), Mario Artaza, Marcos C\u00f3rdoba (J. Alb\u00edn); Franco Trimigliozzi y Mariano Ch\u00e1vez. DT: Leonardo Bonachera.<\/p>\n<p><strong>Ferro Carril Sud (0): <\/strong>Hern\u00e1n \u00c1lvarez; Diego San Juli\u00e1n (L. Ferrara), Horacio Balbuena, Leandro Caballero, Federico Cataldi (B. Carrizo); Quimey Mar\u00edn, Gast\u00f3n Borda, Ger\u00f3nimo Candia (L. Duarte), Jonathan Penna (L. S\u00e1nchez); Mart\u00edn Michel (M. Buongiorno) y Lucas Scarnato. DT: Mauricio Peralta.<\/p>\n<p><strong>Goles<\/strong>: No hubo.<\/p>\n<p><strong>Amonestados<\/strong>: M. Alb\u00edn, Mansilla, Artaza y Trimigliozzi (Bancario); Borda (Ferro).<\/p>\n<p><strong>Expulsados<\/strong>: No hubo.<\/p>\n<p><strong>\u00c1rbitro<\/strong>: Carlos Servidio (Saladillo). <strong>Estadio<\/strong>: Hugo Rato.<\/p>\n","protected":false},"excerpt":{"rendered":"<p>Por la 4\u00b0 fecha del Torneo Regional Amateur, el \u201cCarbonero\u201d empat\u00f3 0 a 0 con Bancario y consigui\u00f3 el punto<\/p>\n","protected":false},"author":96739694,"featured_media":152317,"comment_status":"closed","ping_status":"closed","sticky":false,"template":"","format":"standard","meta":{"_jetpack_memberships_contains_paid_content":false,"footnotes":""},"categories":[35,1,54],"tags":[],"class_list":["post-139727","post","type-post","status-publish","format-standard","has-post-thumbnail","hentry","category-futbol","category-portada","category-torneo-regional-amateur"],"jetpack_featured_media_url":"https:\/\/i0.wp.com\/cdnoticias.com\/wp-content\/uploads\/2022\/11\/Bancario-vs-Ferro-Fecha-4-Regional-Amateur.jpeg?fit=1599%2C1066&ssl=1","jetpack_sharing_enabled":true,"_links":{"self":[{"href":"https:\/\/cdnoticias.com\/index.php\/wp-json\/wp\/v2\/posts\/139727","targetHints":{"allow":["GET"]}}],"collection":[{"href":"https:\/\/cdnoticias.com\/index.php\/wp-json\/wp\/v2\/posts"}],"about":[{"href":"https:\/\/cdnoticias.com\/index.php\/wp-json\/wp\/v2\/types\/post"}],"author":[{"embeddable":true,"href":"https:\/\/cdnoticias.com\/index.php\/wp-json\/wp\/v2\/users\/96739694"}],"replies":[{"embeddable":true,"href":"https:\/\/cdnoticias.com\/index.php\/wp-json\/wp\/v2\/comments?post=139727"}],"version-history":[{"count":0,"href":"https:\/\/cdnoticias.com\/index.php\/wp-json\/wp\/v2\/posts\/139727\/revisions"}],"wp:featuredmedia":[{"embeddable":true,"href":"https:\/\/cdnoticias.com\/index.php\/wp-json\/wp\/v2\/media\/152317"}],"wp:attachment":[{"href":"https:\/\/cdnoticias.com\/index.php\/wp-json\/wp\/v2\/media?parent=139727"}],"wp:term":[{"taxonomy":"category","embeddable":true,"href":"https:\/\/cdnoticias.com\/index.php\/wp-json\/wp\/v2\/categories?post=139727"},{"taxonomy":"post_tag","embeddable":true,"href":"https:\/\/cdnoticias.com\/index.php\/wp-json\/wp\/v2\/tags?post=139727"}],"curies":[{"name":"wp","href":"https:\/\/api.w.org\/{rel}","templated":true}]}}