{"id":139726,"date":"2022-11-07T01:55:55","date_gmt":"2022-11-07T04:55:55","guid":{"rendered":"http:\/\/centraldeportes.com.ar\/?p=26352"},"modified":"2025-02-10T21:42:49","modified_gmt":"2025-02-11T00:42:49","slug":"el-chaira-volvio-a-ganar-y-esta-a-un-paso-de-cerrar-la-serie","status":"publish","type":"post","link":"https:\/\/cdnoticias.com\/index.php\/2022\/11\/07\/el-chaira-volvio-a-ganar-y-esta-a-un-paso-de-cerrar-la-serie\/","title":{"rendered":"El \u201cChaira\u201d volvi\u00f3 a ganar y est\u00e1 a un paso de cerrar la serie"},"content":{"rendered":"<p>Derrot\u00f3 81 a 70 a Los Andes de Punta Alta en el segundo juego de play-off del Torneo Pre-Federal y ahora lidera la serie 2 \u2013 0.<!--more--><\/p>\n<hr \/>\n<p><strong>El elenco conducido por Mat\u00edas Orlando<\/strong> se qued\u00f3 nuevamente con el duelo de local, <strong>est\u00e1 a un paso de acceder a la final<\/strong> de la Regi\u00f3n Deportiva CAB 4 <strong>y a una victoria de conseguir la plaza para la Liga Federal<\/strong>.<\/p>\n<p>&nbsp;<\/p>\n<p>En menos de 24 horas Racing volvi\u00f3 a jugar, esta vez en su cancha, y recibi\u00f3 a Los Andes por el segundo punto de la serie de Play-Off. All\u00ed <strong>el \u201cChaira\u201d se impuso por 81 a 70 ante el elenco de Punta Alta y se puso 2 a 0 a arriba<\/strong> en el cruce eliminatorio que es al mejor de cinco partidos. El pivote de la &#8220;Estrellita&#8221;,\u00a0<strong>Mart\u00edn Delgado,\u00a0 fue el m\u00e1ximo anotador del partido con 24 puntos.<\/strong><\/p>\n<p>&nbsp;<\/p>\n<p>[soliloquy id=&#8221;26295&#8243;]<\/p>\n<p>&nbsp;<\/p>\n<p>No fue un duelo similar al del pasado s\u00e1bado en el Juan Manolio. Si bien los de Orlando dominaron las acciones en el primer tiempo, el \u201cLosa\u201d achic\u00f3 distancias en un gran complemento y puso en aprietos a Racing, que logr\u00f3 reaccionar en el \u00faltimo per\u00edodo y se asegur\u00f3 la victoria.<\/p>\n<p>&nbsp;<\/p>\n<p><strong>S\u00edntesis Racing \u2013 Los Andes<\/strong>:<\/p>\n<p>Estadio: Parque Olavarr\u00eda.<\/p>\n<p>\u00c1rbitros: David Su\u00e1rez y Emmanuel Maiola.<\/p>\n<p><strong>Racing (81)<\/strong>: <strong>Santana (2), Dupin (13), Yaben (12), Delgado (24), Weisbeck (5) -FI- Silber (12), Alonso (4), Lorenzo (7), Leal (0), V\u00e1zquez (0), Macrini (2). DT- Mat\u00edas Orlando<\/strong><\/p>\n<p><strong>Los Andes (70)<\/strong>: <strong>Veliz (8), Falzoni (3), Coronel (8), Pinciaroli (15), Pepe (11) -FI- Rossi (0), Avaca (0), Arias (14), Conti (11). DT- Mario Errazu<\/strong><\/p>\n<p>Parciales: 22 \u2013 12; 46 \u2013 35; 61 \u2013 57 y 81 \u2013 70.<\/p>\n","protected":false},"excerpt":{"rendered":"<p>Derrot\u00f3 81 a 70 a Los Andes de Punta Alta en el segundo juego de play-off del Torneo Pre-Federal y<\/p>\n","protected":false},"author":96739694,"featured_media":152327,"comment_status":"closed","ping_status":"closed","sticky":false,"template":"","format":"standard","meta":{"_jetpack_memberships_contains_paid_content":false,"footnotes":""},"categories":[31,1,60],"tags":[],"class_list":["post-139726","post","type-post","status-publish","format-standard","has-post-thumbnail","hentry","category-basquet","category-portada","category-torneo-pre-federal"],"jetpack_featured_media_url":"https:\/\/i0.wp.com\/cdnoticias.com\/wp-content\/uploads\/2022\/11\/Photo_1667785686425.jpg?fit=1500%2C1000&ssl=1","jetpack_sharing_enabled":true,"_links":{"self":[{"href":"https:\/\/cdnoticias.com\/index.php\/wp-json\/wp\/v2\/posts\/139726","targetHints":{"allow":["GET"]}}],"collection":[{"href":"https:\/\/cdnoticias.com\/index.php\/wp-json\/wp\/v2\/posts"}],"about":[{"href":"https:\/\/cdnoticias.com\/index.php\/wp-json\/wp\/v2\/types\/post"}],"author":[{"embeddable":true,"href":"https:\/\/cdnoticias.com\/index.php\/wp-json\/wp\/v2\/users\/96739694"}],"replies":[{"embeddable":true,"href":"https:\/\/cdnoticias.com\/index.php\/wp-json\/wp\/v2\/comments?post=139726"}],"version-history":[{"count":0,"href":"https:\/\/cdnoticias.com\/index.php\/wp-json\/wp\/v2\/posts\/139726\/revisions"}],"wp:featuredmedia":[{"embeddable":true,"href":"https:\/\/cdnoticias.com\/index.php\/wp-json\/wp\/v2\/media\/152327"}],"wp:attachment":[{"href":"https:\/\/cdnoticias.com\/index.php\/wp-json\/wp\/v2\/media?parent=139726"}],"wp:term":[{"taxonomy":"category","embeddable":true,"href":"https:\/\/cdnoticias.com\/index.php\/wp-json\/wp\/v2\/categories?post=139726"},{"taxonomy":"post_tag","embeddable":true,"href":"https:\/\/cdnoticias.com\/index.php\/wp-json\/wp\/v2\/tags?post=139726"}],"curies":[{"name":"wp","href":"https:\/\/api.w.org\/{rel}","templated":true}]}}