{"id":139723,"date":"2022-11-07T00:20:57","date_gmt":"2022-11-07T03:20:57","guid":{"rendered":"http:\/\/centraldeportes.com.ar\/?p=26321"},"modified":"2025-02-10T21:43:11","modified_gmt":"2025-02-11T00:43:11","slug":"racing-gano-el-trofeo-de-campeones-y-los-olavarrienses-festejaron","status":"publish","type":"post","link":"https:\/\/cdnoticias.com\/index.php\/2022\/11\/07\/racing-gano-el-trofeo-de-campeones-y-los-olavarrienses-festejaron\/","title":{"rendered":"Racing gan\u00f3 el Trofeo de Campeones y los olavarrienses festejaron"},"content":{"rendered":"<p>En la tarde del domingo, Racing venci\u00f3 a Boca Juniors por el Torneo de Campeones organizado por la Asociaci\u00f3n del F\u00fatbol Argentino y tras la consagraci\u00f3n, los hinchas olavarrienses salieron a festejar.<!--more--><\/p>\n<hr \/>\n<p>La Pe\u00f1a de la Academia de Olavarr\u00eda y dem\u00e1s hinchas olavarrienses festejaron en el centro de la ciudad la obtenci\u00f3n del t\u00edtulo de campe\u00f3n en un final escandaloso.<\/p>\n<p>&nbsp;<\/p>\n<p>Con el partido 2 a 1 a favor de la Academia durante el segundo tiempo extra, al \u201cXeneize\u201d le echaron a cinco jugadores y, por reglamento, no se pod\u00eda seguir jugando por lo que el festejo fue racinguista en San Luis y tambi\u00e9n en Olavarr\u00eda, donde hubo c\u00e1nticos y festejos en las calles del centro con medio centenar de hinchas.<\/p>\n<p>&nbsp;<\/p>\n<p>Las im\u00e1genes:<\/p>\n<p>[soliloquy id=&#8221;26311&#8243;]<\/p>\n","protected":false},"excerpt":{"rendered":"<p>En la tarde del domingo, Racing venci\u00f3 a Boca Juniors por el Torneo de Campeones organizado por la Asociaci\u00f3n del<\/p>\n","protected":false},"author":96739694,"featured_media":152357,"comment_status":"closed","ping_status":"closed","sticky":false,"template":"","format":"standard","meta":{"_jetpack_memberships_contains_paid_content":false,"footnotes":""},"categories":[35,37,1],"tags":[],"class_list":["post-139723","post","type-post","status-publish","format-standard","has-post-thumbnail","hentry","category-futbol","category-futbol-profesional","category-portada"],"jetpack_featured_media_url":"https:\/\/i0.wp.com\/cdnoticias.com\/wp-content\/uploads\/2022\/11\/Photo_1667785674397.jpg?fit=1500%2C1000&ssl=1","jetpack_sharing_enabled":true,"_links":{"self":[{"href":"https:\/\/cdnoticias.com\/index.php\/wp-json\/wp\/v2\/posts\/139723","targetHints":{"allow":["GET"]}}],"collection":[{"href":"https:\/\/cdnoticias.com\/index.php\/wp-json\/wp\/v2\/posts"}],"about":[{"href":"https:\/\/cdnoticias.com\/index.php\/wp-json\/wp\/v2\/types\/post"}],"author":[{"embeddable":true,"href":"https:\/\/cdnoticias.com\/index.php\/wp-json\/wp\/v2\/users\/96739694"}],"replies":[{"embeddable":true,"href":"https:\/\/cdnoticias.com\/index.php\/wp-json\/wp\/v2\/comments?post=139723"}],"version-history":[{"count":0,"href":"https:\/\/cdnoticias.com\/index.php\/wp-json\/wp\/v2\/posts\/139723\/revisions"}],"wp:featuredmedia":[{"embeddable":true,"href":"https:\/\/cdnoticias.com\/index.php\/wp-json\/wp\/v2\/media\/152357"}],"wp:attachment":[{"href":"https:\/\/cdnoticias.com\/index.php\/wp-json\/wp\/v2\/media?parent=139723"}],"wp:term":[{"taxonomy":"category","embeddable":true,"href":"https:\/\/cdnoticias.com\/index.php\/wp-json\/wp\/v2\/categories?post=139723"},{"taxonomy":"post_tag","embeddable":true,"href":"https:\/\/cdnoticias.com\/index.php\/wp-json\/wp\/v2\/tags?post=139723"}],"curies":[{"name":"wp","href":"https:\/\/api.w.org\/{rel}","templated":true}]}}