{"id":139701,"date":"2022-11-04T16:30:06","date_gmt":"2022-11-04T19:30:06","guid":{"rendered":"http:\/\/centraldeportes.com.ar\/?p=26159"},"modified":"2025-02-10T21:53:27","modified_gmt":"2025-02-11T00:53:27","slug":"hubo-una-fecha-mas-del-torneo-oficial","status":"publish","type":"post","link":"https:\/\/cdnoticias.com\/index.php\/2022\/11\/04\/hubo-una-fecha-mas-del-torneo-oficial\/","title":{"rendered":"Hubo una fecha m\u00e1s del Torneo Oficial"},"content":{"rendered":"<p>En el transcurso de la semana tuvo continuidad el Torneo Oficial de Primera categor\u00eda organizado por la Asociaci\u00f3n de Bochas de Olavarr\u00eda y se disputaron dos fechas en diferentes escenarios.<\/p>\n<p><!--more--><\/p>\n<hr \/>\n<p>Uno de los torneos m\u00e1s importantes del calendario disput\u00f3 en el transcurso de martes y mi\u00e9rcoles las fechas 11\u00b0. El jueves hubo entrenamiento de la Selecci\u00f3n de Tr\u00edos de Segunda que disputar\u00e1 el Provincial de la especialidad a llevarse a cabo en Tres Arroyos, el fin de semana venidero por lo cual no se jug\u00f3 la 12\u00b0 fecha.<\/p>\n<p>&nbsp;<\/p>\n<p>Los resultados:<\/p>\n<p>&nbsp;<\/p>\n<p>Zona 1<\/p>\n<p>Roberto Vallejos (Pueblo Nuevo) 12 \u2013 9 Rub\u00e9n Giannoni (\u00c1lvaro Barros)<br \/>\nCarlos Gadea (Fort\u00edn Tradicionalista) 12 \u2013 5 Pedro Sosa (Hinojo)<br \/>\nEver Hammersmichdt (San Mart\u00edn) 12 \u2013 0 David Miceli (El Fort\u00edn)<br \/>\nNahuel Landaverr\u00eda (Loma Negra) 5 \u2013 12 Mart\u00edn Orradre (Sierra Chica)<\/p>\n<p>&nbsp;<\/p>\n<p>Zona 2<\/p>\n<p>Juan Pablo Notararigo (Pueblo Nuevo) 12 \u2013 5 Benjam\u00edn Olmedo (\u00c1lvaro Barros)<br \/>\nDaniel Serantes (Fort\u00edn Tradicionalista) 12 \u2013 3 Carlos Trepicchio (Hinojo)<br \/>\nGast\u00f3n Tisera (San Mart\u00edn) 12 \u2013 6 Daniel Miceli (El Fort\u00edn)<br \/>\nOmar Landaverr\u00eda (Loma Negra) 12 \u2013 11 Jos\u00e9 Carlos Marinangeli (Sierra Chica)<\/p>\n","protected":false},"excerpt":{"rendered":"<p>En el transcurso de la semana tuvo continuidad el Torneo Oficial de Primera categor\u00eda organizado por la Asociaci\u00f3n de Bochas<\/p>\n","protected":false},"author":96739694,"featured_media":149694,"comment_status":"closed","ping_status":"closed","sticky":false,"template":"","format":"standard","meta":{"_jetpack_memberships_contains_paid_content":false,"footnotes":""},"categories":[30,1],"tags":[],"class_list":["post-139701","post","type-post","status-publish","format-standard","has-post-thumbnail","hentry","category-polideportivo","category-portada"],"jetpack_featured_media_url":"https:\/\/i0.wp.com\/cdnoticias.com\/wp-content\/uploads\/2021\/07\/bochas-3.png?fit=1280%2C853&ssl=1","jetpack_sharing_enabled":true,"_links":{"self":[{"href":"https:\/\/cdnoticias.com\/index.php\/wp-json\/wp\/v2\/posts\/139701","targetHints":{"allow":["GET"]}}],"collection":[{"href":"https:\/\/cdnoticias.com\/index.php\/wp-json\/wp\/v2\/posts"}],"about":[{"href":"https:\/\/cdnoticias.com\/index.php\/wp-json\/wp\/v2\/types\/post"}],"author":[{"embeddable":true,"href":"https:\/\/cdnoticias.com\/index.php\/wp-json\/wp\/v2\/users\/96739694"}],"replies":[{"embeddable":true,"href":"https:\/\/cdnoticias.com\/index.php\/wp-json\/wp\/v2\/comments?post=139701"}],"version-history":[{"count":0,"href":"https:\/\/cdnoticias.com\/index.php\/wp-json\/wp\/v2\/posts\/139701\/revisions"}],"wp:featuredmedia":[{"embeddable":true,"href":"https:\/\/cdnoticias.com\/index.php\/wp-json\/wp\/v2\/media\/149694"}],"wp:attachment":[{"href":"https:\/\/cdnoticias.com\/index.php\/wp-json\/wp\/v2\/media?parent=139701"}],"wp:term":[{"taxonomy":"category","embeddable":true,"href":"https:\/\/cdnoticias.com\/index.php\/wp-json\/wp\/v2\/categories?post=139701"},{"taxonomy":"post_tag","embeddable":true,"href":"https:\/\/cdnoticias.com\/index.php\/wp-json\/wp\/v2\/tags?post=139701"}],"curies":[{"name":"wp","href":"https:\/\/api.w.org\/{rel}","templated":true}]}}