{"id":139693,"date":"2022-11-03T18:29:07","date_gmt":"2022-11-03T21:29:07","guid":{"rendered":"http:\/\/centraldeportes.com.ar\/?p=26113"},"modified":"2025-02-10T21:41:25","modified_gmt":"2025-02-11T00:41:25","slug":"otro-olavarriense-con-contrato-profesional-simon-buscaglia-puso-la-firma","status":"publish","type":"post","link":"https:\/\/cdnoticias.com\/index.php\/2022\/11\/03\/otro-olavarriense-con-contrato-profesional-simon-buscaglia-puso-la-firma\/","title":{"rendered":"Otro olavarriense con contrato profesional: Sim\u00f3n Buscaglia puso la firma"},"content":{"rendered":"<p>Sim\u00f3n Buscaglia firm\u00f3 su primer contrato como futbolista profesional en Estudiantes y termin\u00f3 de cerrar un gran a\u00f1o.<\/p>\n<p><!--more--><\/p>\n<hr \/>\n<p>El delantero surgido en Ferro firm\u00f3 su primer contrato profesional con el \u201cPincha\u201d en la ma\u00f1ana de este jueves y tendr\u00e1 la duraci\u00f3n de dos a\u00f1os.<\/p>\n<p>&nbsp;<\/p>\n<p>Buscaglia tuvo en este 2022 un gran a\u00f1o en divisiones formativas de AFA con muchos goles, debut\u00f3 en la Reserva donde jug\u00f3 el \u00faltimo partido como titular y ahora termina el a\u00f1o con su primer v\u00ednculo profesiona.<\/p>\n","protected":false},"excerpt":{"rendered":"<p>Sim\u00f3n Buscaglia firm\u00f3 su primer contrato como futbolista profesional en Estudiantes y termin\u00f3 de cerrar un gran a\u00f1o.<\/p>\n","protected":false},"author":96739694,"featured_media":152297,"comment_status":"closed","ping_status":"closed","sticky":false,"template":"","format":"standard","meta":{"_jetpack_memberships_contains_paid_content":false,"footnotes":""},"categories":[35,37,1],"tags":[],"class_list":["post-139693","post","type-post","status-publish","format-standard","has-post-thumbnail","hentry","category-futbol","category-futbol-profesional","category-portada"],"jetpack_featured_media_url":"https:\/\/i0.wp.com\/cdnoticias.com\/wp-content\/uploads\/2022\/11\/WhatsApp-Image-2022-11-03-at-18.07.59-e1667510927540.jpeg?fit=953%2C531&ssl=1","jetpack_sharing_enabled":true,"_links":{"self":[{"href":"https:\/\/cdnoticias.com\/index.php\/wp-json\/wp\/v2\/posts\/139693","targetHints":{"allow":["GET"]}}],"collection":[{"href":"https:\/\/cdnoticias.com\/index.php\/wp-json\/wp\/v2\/posts"}],"about":[{"href":"https:\/\/cdnoticias.com\/index.php\/wp-json\/wp\/v2\/types\/post"}],"author":[{"embeddable":true,"href":"https:\/\/cdnoticias.com\/index.php\/wp-json\/wp\/v2\/users\/96739694"}],"replies":[{"embeddable":true,"href":"https:\/\/cdnoticias.com\/index.php\/wp-json\/wp\/v2\/comments?post=139693"}],"version-history":[{"count":0,"href":"https:\/\/cdnoticias.com\/index.php\/wp-json\/wp\/v2\/posts\/139693\/revisions"}],"wp:featuredmedia":[{"embeddable":true,"href":"https:\/\/cdnoticias.com\/index.php\/wp-json\/wp\/v2\/media\/152297"}],"wp:attachment":[{"href":"https:\/\/cdnoticias.com\/index.php\/wp-json\/wp\/v2\/media?parent=139693"}],"wp:term":[{"taxonomy":"category","embeddable":true,"href":"https:\/\/cdnoticias.com\/index.php\/wp-json\/wp\/v2\/categories?post=139693"},{"taxonomy":"post_tag","embeddable":true,"href":"https:\/\/cdnoticias.com\/index.php\/wp-json\/wp\/v2\/tags?post=139693"}],"curies":[{"name":"wp","href":"https:\/\/api.w.org\/{rel}","templated":true}]}}