{"id":139689,"date":"2022-11-03T00:33:39","date_gmt":"2022-11-03T03:33:39","guid":{"rendered":"http:\/\/centraldeportes.com.ar\/?p=26090"},"modified":"2025-02-10T21:39:26","modified_gmt":"2025-02-11T00:39:26","slug":"embajadores-se-consagro-campeon-absoluto-del-torneo-apertura","status":"publish","type":"post","link":"https:\/\/cdnoticias.com\/index.php\/2022\/11\/03\/embajadores-se-consagro-campeon-absoluto-del-torneo-apertura\/","title":{"rendered":"Embajadores se consagr\u00f3 campe\u00f3n absoluto del Torneo Apertura"},"content":{"rendered":"<p>El CEO cerr\u00f3 el torneo de manera perfecta y festej\u00f3 el t\u00edtulo ante su gente. Venci\u00f3 2 a 0 a Ferro en la definici\u00f3n de los playoffs del Apertura \u201cHermanos Di Buono\u201d de Primera Divisi\u00f3n y al ser tambi\u00e9n el ganador de la Etapa Regular no necesit\u00f3 de otra final para quedarse con el campeonato.<!--more--><\/p>\n<hr \/>\n<p>Ambiente digno de una final se vivi\u00f3 en el Clemente \u201cTete\u201d Di Carlo en la noche de este mi\u00e9rcoles. El clima acompa\u00f1\u00f3 y <strong>cientos de hinchas de ambas parcialidades se acercaron para lo que fue la definici\u00f3n de los playoffs del Apertura \u201cHermanos Di Buono\u201d<\/strong> de Primera Divisi\u00f3n entre los dos mejores equipos del certamen.<\/p>\n<p>&nbsp;<\/p>\n<p>Luego de un gran primer tiempo donde solo le falt\u00f3 convertir,<strong> Embajadores, con un doblete de Nicol\u00e1s Lareu en la etapa complementaria, le gan\u00f3 2 a 0 a Ferro<\/strong> que termin\u00f3 con 9 jugadores por las expulsiones de Candia y Su\u00e1rez.<\/p>\n<p>&nbsp;<\/p>\n<p>Con este triunfo y al ser tambi\u00e9n los mejores en la Etapa Regular, los dirigidos por Miguel Diorio se coronaron campeones absolutos del Apertura. Es el<strong> segundo t\u00edtulo de la Liga de F\u00fatbol de Olavarr\u00eda para el \u201cDiplom\u00e1tico\u201d desde su fundaci\u00f3n<\/strong> y adem\u00e1s, en esta edici\u00f3n, se coron\u00f3 campe\u00f3n de manera invicta.<\/p>\n<p>&nbsp;<\/p>\n<h6><strong>El partido<\/strong><\/h6>\n<p>&nbsp;<\/p>\n<p>El equipo comandado por Miguel Diorio, desde el inicio, demostr\u00f3 supremac\u00eda en el primer tiempo donde manej\u00f3 las riendas del partido, domin\u00f3 la mitad de la cancha y se hizo ancho para atacar aprovechando como siempre las bandas.<\/p>\n<p>&nbsp;<\/p>\n<p>Adem\u00e1s, hizo m\u00e9ritos para romper la paridad pero se encontr\u00f3 con la seguridad bajo los tres palos de Santiago P\u00e9rez (jug\u00f3 su \u00faltimo partido en Ferro) y con la buena labor de los dos centrales \u201cCarboneros\u201d que sacaron toda pelota que cay\u00f3 en el \u00e1rea.<\/p>\n<p>&nbsp;<\/p>\n<p>[soliloquy id=&#8221;26075&#8243;]<\/p>\n<p>&nbsp;<\/p>\n<p>Por la v\u00eda a\u00e9rea lo tuvo \u201cLuli\u201d Rojas en dos ocasiones, la primera al minuto \u2013 previo centro de Di Bello \u2013 con un cabezazo elevado y la otra a los 25\u2019, con un testazo que se perdi\u00f3 por la l\u00ednea de fondo. Un rato antes, a los 9\u2019, en la m\u00e1s clara que tuvo el CEO, \u00c1lvarez sac\u00f3 un zurdazo de media distancia e hizo temblar el travesa\u00f1o. Sobre el cierre de la primera parte, en una de las \u00faltimas, Daffara envi\u00f3 un centro razo a la zona de peligro y ni Lareu ni Rojas alcanzaron a puntear para el gol.<\/p>\n<p>&nbsp;<\/p>\n<p>El ingreso de S\u00e1nchez en los primeros minutos del segundo tiempo le dio a Ferro el equilibrio que necesitaba en la mitad de la cancha y eso ayud\u00f3 a que el \u201cCarbonero\u201d pudiera pisar el \u00e1rea rival. La m\u00e1s peligrosa \u2013 de contragolpe &#8211; \u00a0estuvo en los pies de Ferrara, quien asistido por S\u00e1nchez parti\u00f3 habilitado y defini\u00f3 de \u201ctres dedos\u201d desviado por el palo derecho de Rizzi cuando iban 62\u2019.<\/p>\n<p>&nbsp;<\/p>\n<h6><strong>La expulsi\u00f3n de Candia quebr\u00f3 el partido<\/strong><\/h6>\n<p>A los 70\u2019 sali\u00f3 expulsado el mediocampista por doble amonestaci\u00f3n en el mejor momento del \u201cCarbonero\u201d.<strong> Para colmo, dos minutos m\u00e1s tarde, lleg\u00f3 el gol de Embajadores. Por la puerta derecha del \u00e1rea la arm\u00f3 Bortolotti, envi\u00f3 un centro atr\u00e1s y como ven\u00eda la cruzo Nicol\u00e1s Lareu mandando el esf\u00e9rico al fondo de la red<\/strong>.<\/p>\n<p>&nbsp;<\/p>\n<p>Tiempo m\u00e1s tarde, en el minuto 74\u2019, los dirigidos por Peralta quedaron con 9 por la roja directa a Su\u00e1rez. A partir de all\u00ed todo se derrumb\u00f3 para la visita, que se expuso mucho en defensa para llegar al empate y as\u00ed sufri\u00f3 la segunda ca\u00edda de su arco en la \u00faltima del partido.<strong> Nicol\u00e1s Lareu manej\u00f3 bien el contragolpe, corri\u00f3 desde la mitad de la cancha con la pelota, eludi\u00f3 a P\u00e9rez y de zurda defini\u00f3 con el arco vac\u00edo para el 2 a 0 final a los 90&#8242;<\/strong>.<\/p>\n<p>&nbsp;<\/p>\n<p><strong>S\u00edntesis Embajadores \u2013 Ferro Carril Sud<\/strong>:<\/p>\n<p><strong>Embajadores (2): <\/strong>Gonzalo Rizzi; Bruno Di Bello, Facundo Wiechniak, Franco Carlucci, Nahuel Moro (F. Lopreite); Nicol\u00e1s Lareu (J. Lamas), Juan Cruz Areco, Braian Bortolotti (N. Arram\u00f3n), Juan Manuel \u00c1lvarez; Nicol\u00e1s Daffara (E. Scipioni) y Luciano Rojas (L. Sasali). DT: Miguel Diorio.<\/p>\n<p><strong>Ferro Carril Sud (0):<\/strong> Santiago P\u00e9rez; Facundo G\u00f3mez (G. Vidal), Enzo Su\u00e1rez, Mathias Buongiorno, Dionisio Schwindt (M. Tamagnini); Gabriel Rivas, Ger\u00f3nimo Candia, Leonel Duarte (M. Gargaglione), Braian Carrizo; Lorenzo Ferrara (I. G\u00f3mez) y Emiliano Piecenti (L. S\u00e1nchez). DT: Mauricio Peralta.<\/p>\n<p><strong>Goles:<\/strong> 27m. ST y 45m. ST Nicol\u00e1s Lareu (CEO).<\/p>\n<p><strong>Amonestados:<\/strong> Moro y Areco (Embajadores); F. G\u00f3mez (Ferro).<\/p>\n<p><strong>Expulsados:<\/strong> 34m. PT Bruno Di Carlo \u2013 PF \u2013 (CEO); 25m. ST Ger\u00f3nimo Candia y 29m. ST Enzo Su\u00e1rez (FCS).<\/p>\n<p><strong>\u00c1rbitro:<\/strong> Adri\u00e1n Deber. <strong>Estadio:<\/strong> Clemente \u201cTete\u201d Di Carlo.<\/p>\n","protected":false},"excerpt":{"rendered":"<p>El CEO cerr\u00f3 el torneo de manera perfecta y festej\u00f3 el t\u00edtulo ante su gente. Venci\u00f3 2 a 0 a<\/p>\n","protected":false},"author":96739694,"featured_media":152207,"comment_status":"closed","ping_status":"closed","sticky":false,"template":"","format":"standard","meta":{"_jetpack_memberships_contains_paid_content":false,"footnotes":""},"categories":[35,1,41],"tags":[],"class_list":["post-139689","post","type-post","status-publish","format-standard","has-post-thumbnail","hentry","category-futbol","category-portada","category-primera-y-reserva"],"jetpack_featured_media_url":"https:\/\/i0.wp.com\/cdnoticias.com\/wp-content\/uploads\/2022\/11\/Photo_1667443315689.jpg?fit=1500%2C1000&ssl=1","jetpack_sharing_enabled":true,"_links":{"self":[{"href":"https:\/\/cdnoticias.com\/index.php\/wp-json\/wp\/v2\/posts\/139689","targetHints":{"allow":["GET"]}}],"collection":[{"href":"https:\/\/cdnoticias.com\/index.php\/wp-json\/wp\/v2\/posts"}],"about":[{"href":"https:\/\/cdnoticias.com\/index.php\/wp-json\/wp\/v2\/types\/post"}],"author":[{"embeddable":true,"href":"https:\/\/cdnoticias.com\/index.php\/wp-json\/wp\/v2\/users\/96739694"}],"replies":[{"embeddable":true,"href":"https:\/\/cdnoticias.com\/index.php\/wp-json\/wp\/v2\/comments?post=139689"}],"version-history":[{"count":0,"href":"https:\/\/cdnoticias.com\/index.php\/wp-json\/wp\/v2\/posts\/139689\/revisions"}],"wp:featuredmedia":[{"embeddable":true,"href":"https:\/\/cdnoticias.com\/index.php\/wp-json\/wp\/v2\/media\/152207"}],"wp:attachment":[{"href":"https:\/\/cdnoticias.com\/index.php\/wp-json\/wp\/v2\/media?parent=139689"}],"wp:term":[{"taxonomy":"category","embeddable":true,"href":"https:\/\/cdnoticias.com\/index.php\/wp-json\/wp\/v2\/categories?post=139689"},{"taxonomy":"post_tag","embeddable":true,"href":"https:\/\/cdnoticias.com\/index.php\/wp-json\/wp\/v2\/tags?post=139689"}],"curies":[{"name":"wp","href":"https:\/\/api.w.org\/{rel}","templated":true}]}}