{"id":139681,"date":"2022-11-01T21:34:21","date_gmt":"2022-11-02T00:34:21","guid":{"rendered":"http:\/\/centraldeportes.com.ar\/?p=26027"},"modified":"2025-02-10T21:25:40","modified_gmt":"2025-02-11T00:25:40","slug":"lorenzo-ferrara-con-estos-resultados-nos-vamos-encaminando-a-la-clasificacion","status":"publish","type":"post","link":"https:\/\/cdnoticias.com\/index.php\/2022\/11\/01\/lorenzo-ferrara-con-estos-resultados-nos-vamos-encaminando-a-la-clasificacion\/","title":{"rendered":"Lorenzo Ferrara: \u201cCon estos resultados nos vamos encaminando a la clasificaci\u00f3n\u201d"},"content":{"rendered":"<p>Sostuvo el atacante de Ferro, autor del gol que liquid\u00f3 el encuentro entre el \u201cCarbonero\u201d y Balonpi\u00e9 en el cierre de la 3\u00b0 fecha del Regional Federal Amateur.<!--more--><\/p>\n<hr \/>\n<p>El elenco conducido por Mauricio Peralta <a href=\"https:\/\/cdnoticias.com\/ferro-volvio-a-ganar-y-cerro-la-primera-rueda-con-puntaje-ideal\/\">hilvan\u00f3 su tercer festejo consecutivo<\/a> en la noche del pasado lunes, luego de imponerse <strong>2 a 0 frente a Balonpi\u00e9 de Bol\u00edvar por la tercera fecha<\/strong> de la Zona 6 correspondiente a la Regi\u00f3n Pampeana Sur.<\/p>\n<p>&nbsp;<\/p>\n<p><strong>Jonathan Penna abri\u00f3 la cuenta<\/strong> para el \u201cCarbonero\u201d en el primer tiempo <strong>y Lorenzo Ferrara, en una de las \u00faltimas, le puso cifras definitivas al encuentro<\/strong>. Una vez consumada la victoria, <strong>el delantero dialog\u00f3 con la prensa<\/strong> y analiz\u00f3 lo ocurrido.<\/p>\n<p>&nbsp;<\/p>\n<p>\u201c<em>Estos partidos son dif\u00edciles, ten\u00e9s 90 minutos para tratar de ganarlo y <strong>a veces por la ambici\u00f3n de querer ganar cuesta liquidarlo<\/strong><\/em> <em><strong>pero por suerte encontramos el gol sobre el final<\/strong> en un duelo que ya estaba controlado\u201d<\/em>, enfatiz\u00f3 en primer t\u00e9rmino el autor del segundo tanto.<\/p>\n<p>&nbsp;<\/p>\n<blockquote><p><strong><em>\u201cCon estos resultados nos vamos encaminando a la clasificaci\u00f3n, que es lo que buscamos&#8221;.<\/em><\/strong><\/p><\/blockquote>\n<p>&nbsp;<\/p>\n<p>Al igual que en el choque frente a Bancario, Ferro jug\u00f3 un gran primer tiempo pero en la etapa complementaria le cost\u00f3 un poco m\u00e1s: <em>\u201c<strong>Es muy complicado mantener el ritmo todo el partido<\/strong>, nosotros <strong>tenemos la suerte de tener un buen recambio<\/strong> que cada vez que entran aportan lo suyo para ayudar a los compa\u00f1eros\u201d<\/em>, explic\u00f3.<\/p>\n<p>&nbsp;<\/p>\n<p><img data-recalc-dims=\"1\" loading=\"lazy\" decoding=\"async\" class=\"aligncenter size-full wp-image-25980\" src=\"https:\/\/i0.wp.com\/centraldeportes.com.ar\/wp-content\/uploads\/2022\/10\/ferro-balonpie-trfa-10.jpeg?resize=800%2C533\" alt=\"\" width=\"800\" height=\"533\" \/><\/p>\n<p>&nbsp;<\/p>\n<p>El ex Racing y El Fort\u00edn ingres\u00f3 en la segunda etapa y convirti\u00f3 a los 93\u2019 para el triunfo \u201cCarbonero\u201d: <em>\u201c<strong>Contento por convertir y si no lo hubiera hecho estar\u00eda igual porque ganamos<\/strong>\u201d, <\/em>sostuvo y m\u00e1s tarde continu\u00f3: <em>\u201cEntramos para dar soluciones,<strong> todos queremos estar y vamos a colaborar por un mismo objetivo<\/strong>\u201d<\/em>, solt\u00f3.<\/p>\n<p>&nbsp;<\/p>\n<p><em>\u201c<strong>Los refuerzos que llegaron son de una jerarqu\u00eda de otra categor\u00eda y potenci\u00f3 al equipo<\/strong>\u201d<\/em>, halag\u00f3 \u201cLore\u201d haciendo referencia a la llegada de los \u00faltimos refuerzos e hilvan\u00f3: \u201c<em>Sabemos lo que quiere \u201cMauri\u201d \u2013 Peralta \u2013 la base est\u00e1 y <strong>tenemos la ventaja de que nos conocemos mucho<\/strong>\u201d.<\/em><\/p>\n<p>&nbsp;<\/p>\n<p><em>\u201cEllos tienen un buen plantel, <strong>va a ser un partido lindo e intenso en una cancha que siempre es complicada<\/strong>\u201d<\/em>, destac\u00f3 Ferrara haciendo hincapi\u00e9 en la final de los playoffs del Apertura contra Embajadores y cerr\u00f3: <em>\u201c<strong>Un saludo a mi familia que me hace el aguante y a todos los hinchas de Ferro<\/strong>\u201d.<\/em><\/p>\n","protected":false},"excerpt":{"rendered":"<p>Sostuvo el atacante de Ferro, autor del gol que liquid\u00f3 el encuentro entre el \u201cCarbonero\u201d y Balonpi\u00e9 en el cierre<\/p>\n","protected":false},"author":96739694,"featured_media":152176,"comment_status":"closed","ping_status":"closed","sticky":false,"template":"","format":"standard","meta":{"_jetpack_memberships_contains_paid_content":false,"footnotes":""},"categories":[35,1,54],"tags":[],"class_list":["post-139681","post","type-post","status-publish","format-standard","has-post-thumbnail","hentry","category-futbol","category-portada","category-torneo-regional-amateur"],"jetpack_featured_media_url":"https:\/\/i0.wp.com\/cdnoticias.com\/wp-content\/uploads\/2022\/10\/ferro-balonpie-trfa-12.jpeg?fit=1280%2C857&ssl=1","jetpack_sharing_enabled":true,"_links":{"self":[{"href":"https:\/\/cdnoticias.com\/index.php\/wp-json\/wp\/v2\/posts\/139681","targetHints":{"allow":["GET"]}}],"collection":[{"href":"https:\/\/cdnoticias.com\/index.php\/wp-json\/wp\/v2\/posts"}],"about":[{"href":"https:\/\/cdnoticias.com\/index.php\/wp-json\/wp\/v2\/types\/post"}],"author":[{"embeddable":true,"href":"https:\/\/cdnoticias.com\/index.php\/wp-json\/wp\/v2\/users\/96739694"}],"replies":[{"embeddable":true,"href":"https:\/\/cdnoticias.com\/index.php\/wp-json\/wp\/v2\/comments?post=139681"}],"version-history":[{"count":0,"href":"https:\/\/cdnoticias.com\/index.php\/wp-json\/wp\/v2\/posts\/139681\/revisions"}],"wp:featuredmedia":[{"embeddable":true,"href":"https:\/\/cdnoticias.com\/index.php\/wp-json\/wp\/v2\/media\/152176"}],"wp:attachment":[{"href":"https:\/\/cdnoticias.com\/index.php\/wp-json\/wp\/v2\/media?parent=139681"}],"wp:term":[{"taxonomy":"category","embeddable":true,"href":"https:\/\/cdnoticias.com\/index.php\/wp-json\/wp\/v2\/categories?post=139681"},{"taxonomy":"post_tag","embeddable":true,"href":"https:\/\/cdnoticias.com\/index.php\/wp-json\/wp\/v2\/tags?post=139681"}],"curies":[{"name":"wp","href":"https:\/\/api.w.org\/{rel}","templated":true}]}}