{"id":139680,"date":"2022-11-01T19:13:16","date_gmt":"2022-11-01T22:13:16","guid":{"rendered":"http:\/\/centraldeportes.com.ar\/?p=26024"},"modified":"2025-02-10T21:23:39","modified_gmt":"2025-02-11T00:23:39","slug":"reserva-afa-boca-juniors-fue-campeon-y-festejo-mendia","status":"publish","type":"post","link":"https:\/\/cdnoticias.com\/index.php\/2022\/11\/01\/reserva-afa-boca-juniors-fue-campeon-y-festejo-mendia\/","title":{"rendered":"Reserva AFA: Boca Juniors fue campe\u00f3n y festej\u00f3 Mend\u00eda"},"content":{"rendered":"<p>Mateo Mend\u00eda integr\u00f3 este martes el banco de suplentes de Boca Juniors, que se qued\u00f3 con la Copa de Campeones de la Divisi\u00f3n Reserva al vencer a Lan\u00fas.<!--more--><\/p>\n<hr \/>\n<p><strong>El \u201cXeneize\u201d venci\u00f3 2 a 0 a Lan\u00fas<\/strong> en el duelo que enfrent\u00f3 a los campeones de los torneos Apertura y Clausura y se disput\u00f3 en el estadio Ciudad de Vicente L\u00f3pez. <strong>Maximiliano Zalazar y Lautaro Di Lollo marcaron los goles<\/strong> en el ganador.<\/p>\n<p>&nbsp;<\/p>\n<p><strong>El jugador surgido en Loma Negra fue parte del banco de suplentes<\/strong> y termin\u00f3 festejando nuevamente con el club de La Ribera por segundo a\u00f1o consecutivo el t\u00edtulo del mejor del a\u00f1o.<\/p>\n<p>&nbsp;<\/p>\n<p>En el \u201cGranate\u201d, <strong>Mauricio Cardillo<\/strong> ingres\u00f3 a los 34\u00b4 del segundo tiempo y a los pocos minutos vi\u00f3 la roja, expulsi\u00f3n que gener\u00f3 la reacci\u00f3n de los ganadores del Apertura y deriv\u00f3 en la finalizaci\u00f3n del duelo cuando a\u00fan restaba tiempo por jugar.<\/p>\n<p>&nbsp;<\/p>\n<p>Foto: <strong>Liga Profesional de F\u00fatbol<\/strong>.<\/p>\n","protected":false},"excerpt":{"rendered":"<p>Mateo Mend\u00eda integr\u00f3 este martes el banco de suplentes de Boca Juniors, que se qued\u00f3 con la Copa de Campeones<\/p>\n","protected":false},"author":96739694,"featured_media":152080,"comment_status":"closed","ping_status":"closed","sticky":false,"template":"","format":"standard","meta":{"_jetpack_memberships_contains_paid_content":false,"footnotes":""},"categories":[35,37,1],"tags":[],"class_list":["post-139680","post","type-post","status-publish","format-standard","has-post-thumbnail","hentry","category-futbol","category-futbol-profesional","category-portada"],"jetpack_featured_media_url":"https:\/\/i0.wp.com\/cdnoticias.com\/wp-content\/uploads\/2022\/11\/Boca-campe%C3%B3n-Mendia.jpg?fit=1599%2C1066&ssl=1","jetpack_sharing_enabled":true,"_links":{"self":[{"href":"https:\/\/cdnoticias.com\/index.php\/wp-json\/wp\/v2\/posts\/139680","targetHints":{"allow":["GET"]}}],"collection":[{"href":"https:\/\/cdnoticias.com\/index.php\/wp-json\/wp\/v2\/posts"}],"about":[{"href":"https:\/\/cdnoticias.com\/index.php\/wp-json\/wp\/v2\/types\/post"}],"author":[{"embeddable":true,"href":"https:\/\/cdnoticias.com\/index.php\/wp-json\/wp\/v2\/users\/96739694"}],"replies":[{"embeddable":true,"href":"https:\/\/cdnoticias.com\/index.php\/wp-json\/wp\/v2\/comments?post=139680"}],"version-history":[{"count":0,"href":"https:\/\/cdnoticias.com\/index.php\/wp-json\/wp\/v2\/posts\/139680\/revisions"}],"wp:featuredmedia":[{"embeddable":true,"href":"https:\/\/cdnoticias.com\/index.php\/wp-json\/wp\/v2\/media\/152080"}],"wp:attachment":[{"href":"https:\/\/cdnoticias.com\/index.php\/wp-json\/wp\/v2\/media?parent=139680"}],"wp:term":[{"taxonomy":"category","embeddable":true,"href":"https:\/\/cdnoticias.com\/index.php\/wp-json\/wp\/v2\/categories?post=139680"},{"taxonomy":"post_tag","embeddable":true,"href":"https:\/\/cdnoticias.com\/index.php\/wp-json\/wp\/v2\/tags?post=139680"}],"curies":[{"name":"wp","href":"https:\/\/api.w.org\/{rel}","templated":true}]}}