{"id":13968,"date":"2021-02-17T12:36:20","date_gmt":"2021-02-17T15:36:20","guid":{"rendered":"http:\/\/www.centraldenoticias.com.ar\/?p=13968"},"modified":"2021-02-17T13:27:03","modified_gmt":"2021-02-17T16:27:03","slug":"el-municipio-entregara-en-un-acto-120-escrituras","status":"publish","type":"post","link":"https:\/\/cdnoticias.com\/index.php\/2021\/02\/17\/el-municipio-entregara-en-un-acto-120-escrituras\/","title":{"rendered":"El Municipio entregar\u00e1 en un acto 120 escrituras"},"content":{"rendered":"<p>Ser\u00e1 el pr\u00f3ximo viernes a las 10 horas en el Centro Cultural San Jos\u00e9. Habr\u00e1 presencia de funcionarios provinciales y municipales.<strong> Quienes ser\u00e1n los citados.<\/strong><!--more--><\/p>\n<hr \/>\n<p>Organizado por la Municipalidad, <strong>este viernes se realizar\u00e1 un importante acto de entrega de escrituras, en un trabajo conjunto con la Escriban\u00eda General de Gobierno y el Instituto de la Vivienda de la Provincia.<\/strong><\/p>\n<p>&nbsp;<\/p>\n<blockquote><p>En esta oportunidad se entregar\u00e1n 120 t\u00edtulos de propiedad, de los cuales 100 corresponden al Instituto de la Vivienda y los restantes 20 se enmarcan en la Ley 10.830.<\/p><\/blockquote>\n<p>&nbsp;<\/p>\n<p><strong>El acto ser\u00e1 desde las 10 horas en el Centro Cultural Municipal \u201cSan Jos\u00e9\u201d<\/strong> y contar\u00e1 con la presencia de funcionarios provinciales y autoridades municipales.<\/p>\n<p>&nbsp;<\/p>\n<p>Desde la Direcci\u00f3n de Casa de Tierras y Regularizaci\u00f3n Dominial, dependiente de la Subsecretar\u00eda de Legal y T\u00e9cnica, <strong>se inform\u00f3 que deber\u00e1n concurrir con su DNI original, a las 9:30 horas para su acreditaci\u00f3n. Cabe remarcar que los beneficiarios deber\u00e1n asistir con barbijo, tapaboca o mascarilla (sin excepci\u00f3n).<\/strong><\/p>\n<p>&nbsp;<\/p>\n<p>Los citados son:<\/p>\n<p>&nbsp;<\/p>\n<p>Mar\u00eda Griselda Abrahan y Oscar An\u00edbal Guti\u00e9rrez,\u00a0 F\u00e9lix Ricardo Acosta y Mar\u00eda Fernanda Gil, Eva Ang\u00e9lica Acu\u00f1a, Leticia In\u00e9s Acu\u00f1a y Eulogio Shmal, Roberto Albino Almeida,\u00a0 Daiana Raquel Alonso y Cristian Joaqu\u00edn Giles,\u00a0 Omar Fernando Arag\u00f3n, In\u00e9s Valeria Arg\u00fcello y Sergio Fernando Ruiz, Guillermo Andr\u00e9s Attadio y Lorena Giselle Van Dik, Dora Elsa Banegas,\u00a0 Erica Mariela Barone, Claudia Lucrecia Barrag\u00e1n y Marcelo Fabi\u00e1n Far\u00edas,\u00a0 Viviana Patricia Bustamante y Jos\u00e9 Luis Trapani,\u00a0 Javier Nicol\u00e1s Capitanio y Florencia Rossi Istillarte, Alicia Nieves Cazeneuve y C\u00e9sar Hugo Gorosito, Daniel Fernando Cecarelli y Alejandra Elizabeth P\u00e9rez, Jaquelina Soledad Cejas y Pedro Federico Paganti,\u00a0 Humberto Francisco Contini y Cristina Mariel Mathieu, Leandro Andr\u00e9s Coronel, Patricia Beatriz De Oar y Esteban Dar\u00edo Potes,\u00a0 Oscar Gustavo Di Matteo y Sandra Susana Rold\u00e1n,\u00a0 Susana Elsa Di Salvo y Osvaldo Fabio Montenegro, Julio Orlando Estrada y Lucrecia Soledad Romero, Claudia Araceli Ferreyra, Graciela Teresa Figueroa, Cristian Miguel Fredes y Mar\u00eda\u00a0 Celeste Ug\u00f3n, Lidia Beatriz Gach\u00e9n y Rub\u00e9n Horacio Mendoza, Domingo Roberto Garc\u00eda y Silvana Alejandra Schilling,\u00a0 Sergio Gustavo Garc\u00eda, Gardino Carlos Leandro y Silvia Liliana Segura, Alicia Myrian Gorosito y Roberto Germ\u00e1n Portalupi,\u00a0 Judith Andrea Guti\u00e9rrez, Ana Mar\u00eda Heritier y Ernesto Rub\u00e9n Zampini, Stella Maris Herrero, Juan Cayetano Ioselli, Doris Mar\u00eda Iribarren, Carmen Esther Lafasi y Alberto Daniel Molina,\u00a0 Mar\u00eda Cecilia Laplace,\u00a0 Norma Larrea Vitale,\u00a0 Mario Argentino Lempe y Laura Vanesa Porte,\u00a0 Alicia Marisol Len y Pablo Andr\u00e9s Maguregui, Diego David L\u00f3pez Osornio y Tamara Luj\u00e1n P\u00e9rez, Elida Azucena Lug\u00fcercio, Liliana Elisabet Luissi,\u00a0 Alcira Isabel Lumelli, Yanina Paola Luna y Ricardo Marcelo V\u00e1zquez,\u00a0 Mirta Alcira Marcovecchio, Mar\u00eda Del Carmen Mart\u00edn,\u00a0 Mariano Gabriel Masson,\u00a0 Patricia Rosana Masson, Natalia Valeria Moriones y Cristian Ariel Mu\u00f1oz, Vanina Valeria Reyes, M\u00f3nica Cristina Mu\u00f1oz, Carolina Susana Occhi y Juan Jos\u00e9 Wally, Marcela Alejandra Olivetto, Pedro Horacio Paredes y Ang\u00e9lica Esther Requena, Daniel Jes\u00fas Poggi y Ver\u00f3nica Elizabeth Salicio,\u00a0 Elsa Mabel Poltronieri,\u00a0 Liliana Matilde Prendel, Agust\u00edn Ram\u00edrez, Karina Rasmunsen, Jos\u00e9 Antonio Rebolo, Sandra Edith Roman, Rosana Elizabeth Salazar\u00a0 y Stella Maris Salina, Fernanda Karina Sayago,\u00a0 M\u00f3nica Nilda Springer, Norma Beatriz Tejo,\u00a0 Noelia Ivana Testa, Susana In\u00e9s Trevi\u00f1o y Joely Valera Silvestre,<\/p>\n<p>&nbsp;<\/p>\n<p><span style=\"text-decoration: underline;\"><strong>M\u00e1s informaci\u00f3n<\/strong><\/span><\/p>\n<p>&nbsp;<\/p>\n<p>Para consultas dirigirse a la sede de la Direcci\u00f3n de Casa de Tierras y Regularizaci\u00f3n Dominial, ubicada en Rivadavia N\u00b0 286 (Primer Piso Palacio San Mart\u00edn), o bien comunicarse al tel\u00e9fono 440442 interno 1750.<\/p>\n","protected":false},"excerpt":{"rendered":"<p>Ser\u00e1 el pr\u00f3ximo viernes a las 10 horas en el Centro Cultural San Jos\u00e9. Habr\u00e1 presencia de funcionarios provinciales y<\/p>\n","protected":false},"author":2,"featured_media":13969,"comment_status":"closed","ping_status":"closed","sticky":false,"template":"","format":"standard","meta":{"_jetpack_memberships_contains_paid_content":false,"footnotes":""},"categories":[5,1],"tags":[],"class_list":["post-13968","post","type-post","status-publish","format-standard","has-post-thumbnail","hentry","category-informacion-general","category-portada"],"jetpack_featured_media_url":"https:\/\/i0.wp.com\/cdnoticias.com\/wp-content\/uploads\/2021\/02\/Escrituras-1024x682.jpg?fit=1024%2C682&ssl=1","jetpack_sharing_enabled":true,"_links":{"self":[{"href":"https:\/\/cdnoticias.com\/index.php\/wp-json\/wp\/v2\/posts\/13968","targetHints":{"allow":["GET"]}}],"collection":[{"href":"https:\/\/cdnoticias.com\/index.php\/wp-json\/wp\/v2\/posts"}],"about":[{"href":"https:\/\/cdnoticias.com\/index.php\/wp-json\/wp\/v2\/types\/post"}],"author":[{"embeddable":true,"href":"https:\/\/cdnoticias.com\/index.php\/wp-json\/wp\/v2\/users\/2"}],"replies":[{"embeddable":true,"href":"https:\/\/cdnoticias.com\/index.php\/wp-json\/wp\/v2\/comments?post=13968"}],"version-history":[{"count":0,"href":"https:\/\/cdnoticias.com\/index.php\/wp-json\/wp\/v2\/posts\/13968\/revisions"}],"wp:featuredmedia":[{"embeddable":true,"href":"https:\/\/cdnoticias.com\/index.php\/wp-json\/wp\/v2\/media\/13969"}],"wp:attachment":[{"href":"https:\/\/cdnoticias.com\/index.php\/wp-json\/wp\/v2\/media?parent=13968"}],"wp:term":[{"taxonomy":"category","embeddable":true,"href":"https:\/\/cdnoticias.com\/index.php\/wp-json\/wp\/v2\/categories?post=13968"},{"taxonomy":"post_tag","embeddable":true,"href":"https:\/\/cdnoticias.com\/index.php\/wp-json\/wp\/v2\/tags?post=13968"}],"curies":[{"name":"wp","href":"https:\/\/api.w.org\/{rel}","templated":true}]}}