{"id":139622,"date":"2022-10-27T13:51:29","date_gmt":"2022-10-27T16:51:29","guid":{"rendered":"http:\/\/centraldeportes.com.ar\/?p=25687"},"modified":"2025-02-10T23:37:07","modified_gmt":"2025-02-11T02:37:07","slug":"el-basquet-femenino-de-ferro-tuvo-una-jornada-recreativa","status":"publish","type":"post","link":"https:\/\/cdnoticias.com\/index.php\/2022\/10\/27\/el-basquet-femenino-de-ferro-tuvo-una-jornada-recreativa\/","title":{"rendered":"El b\u00e1squet femenino de Ferro tuvo una jornada recreativa"},"content":{"rendered":"<p>El b\u00e1squet femenino del Club Ferro tuvo un entrenamiento diferente en la jornada del mi\u00e9rcoles ya que festejaron el \u201cD\u00eda de la Familia\u201d las categor\u00edas m\u00e1s peque\u00f1as.<\/p>\n<p><!--more--><\/p>\n<hr \/>\n<p>Las categor\u00edas Escuelita, Premini y Mini participaron, junto a sus familiares, de un entrenamiento muy especial ya que se celebr\u00f3 el \u201cD\u00eda de la familia\u201d y hubo m\u00e1s de un centenar de presentes en el De la Vega.<\/p>\n<p>&nbsp;<\/p>\n<p>La actividad estuvo coordinada por Ramiro Bou y la Subcomisi\u00f3n de B\u00e1squet Femenino y cont\u00f3 con la organizaci\u00f3n de las entrenadoras Delfina Rodr\u00edguez y Valentina Sak.<\/p>\n","protected":false},"excerpt":{"rendered":"<p>El b\u00e1squet femenino del Club Ferro tuvo un entrenamiento diferente en la jornada del mi\u00e9rcoles ya que festejaron el \u201cD\u00eda<\/p>\n","protected":false},"author":96739694,"featured_media":153677,"comment_status":"closed","ping_status":"closed","sticky":false,"template":"","format":"standard","meta":{"_jetpack_memberships_contains_paid_content":false,"footnotes":""},"categories":[31,58,1],"tags":[],"class_list":["post-139622","post","type-post","status-publish","format-standard","has-post-thumbnail","hentry","category-basquet","category-femenino-basquet","category-portada"],"jetpack_featured_media_url":"https:\/\/i0.wp.com\/cdnoticias.com\/wp-content\/uploads\/2022\/10\/ferro-fem.png?fit=803%2C465&ssl=1","jetpack_sharing_enabled":true,"_links":{"self":[{"href":"https:\/\/cdnoticias.com\/index.php\/wp-json\/wp\/v2\/posts\/139622","targetHints":{"allow":["GET"]}}],"collection":[{"href":"https:\/\/cdnoticias.com\/index.php\/wp-json\/wp\/v2\/posts"}],"about":[{"href":"https:\/\/cdnoticias.com\/index.php\/wp-json\/wp\/v2\/types\/post"}],"author":[{"embeddable":true,"href":"https:\/\/cdnoticias.com\/index.php\/wp-json\/wp\/v2\/users\/96739694"}],"replies":[{"embeddable":true,"href":"https:\/\/cdnoticias.com\/index.php\/wp-json\/wp\/v2\/comments?post=139622"}],"version-history":[{"count":0,"href":"https:\/\/cdnoticias.com\/index.php\/wp-json\/wp\/v2\/posts\/139622\/revisions"}],"wp:featuredmedia":[{"embeddable":true,"href":"https:\/\/cdnoticias.com\/index.php\/wp-json\/wp\/v2\/media\/153677"}],"wp:attachment":[{"href":"https:\/\/cdnoticias.com\/index.php\/wp-json\/wp\/v2\/media?parent=139622"}],"wp:term":[{"taxonomy":"category","embeddable":true,"href":"https:\/\/cdnoticias.com\/index.php\/wp-json\/wp\/v2\/categories?post=139622"},{"taxonomy":"post_tag","embeddable":true,"href":"https:\/\/cdnoticias.com\/index.php\/wp-json\/wp\/v2\/tags?post=139622"}],"curies":[{"name":"wp","href":"https:\/\/api.w.org\/{rel}","templated":true}]}}