{"id":139605,"date":"2022-10-25T16:48:36","date_gmt":"2022-10-25T19:48:36","guid":{"rendered":"http:\/\/centraldeportes.com.ar\/?p=25584"},"modified":"2025-02-10T23:31:30","modified_gmt":"2025-02-11T02:31:30","slug":"raul-tortorella-tras-el-triunfo-de-el-fortin-fue-un-partido-intenso-que-se-abrio-con-el-gol","status":"publish","type":"post","link":"https:\/\/cdnoticias.com\/index.php\/2022\/10\/25\/raul-tortorella-tras-el-triunfo-de-el-fortin-fue-un-partido-intenso-que-se-abrio-con-el-gol\/","title":{"rendered":"Ra\u00fal Tortorella tras el triunfo de El Fort\u00edn: \u201cFue un partido intenso que se abri\u00f3 con el gol\u201d"},"content":{"rendered":"<p>El delantero brind\u00f3 sus declaraciones ante la prensa luego de la victoria \u201cFortinera\u201d ante Racing por el Torneo Regional Amateur.<!--more--><\/p>\n<hr \/>\n<p>Luego de una semana de espera, <strong>El Fort\u00edn tuvo su presentaci\u00f3n en el Torneo Regional Amateur el domingo pasado<\/strong> <a href=\"https:\/\/cdnoticias.com\/estreno-y-victoria-para-el-fortin-en-el-torneo-regional-amateur\/\">donde consigui\u00f3 imponerse<\/a> <strong>1 a 0<\/strong> como local <strong>ante el \u201cChaira\u201d por la 2\u00b0 fecha del certamen<\/strong>. Una vez consumado el festejo <strong>el autor del gol, Ra\u00fal Tortorella, se manifest\u00f3 al respecto<\/strong>.<\/p>\n<p>&nbsp;<\/p>\n<p>\u201c<em><strong>Fue un partido demasiado intenso que se abri\u00f3 con el gol y lo pudimos resolver<\/strong>\u201d<\/em>, manifest\u00f3 el delantero y despu\u00e9s agreg\u00f3: <em>\u201cContento por marcar para la victoria del equipo\u201d.<\/em><\/p>\n<p>&nbsp;<\/p>\n<figure id=\"attachment_25440\" aria-describedby=\"caption-attachment-25440\" style=\"width: 1500px\" class=\"wp-caption aligncenter\"><img data-recalc-dims=\"1\" loading=\"lazy\" decoding=\"async\" class=\"wp-image-25440 size-full\" src=\"https:\/\/i0.wp.com\/centraldeportes.com.ar\/wp-content\/uploads\/2022\/10\/rac-ef-trfa-24.jpeg?resize=800%2C533\" alt=\"\" width=\"800\" height=\"533\" \/><figcaption id=\"caption-attachment-25440\" class=\"wp-caption-text\">El Fort\u00edn consigui\u00f3 sus primeros tres puntos y es l\u00edder de la Zona 5<\/figcaption><\/figure>\n<p>&nbsp;<\/p>\n<p>Luego, con respecto a su llegada al equipo sintetiz\u00f3: <em>\u201c<strong>Pablo<\/strong> \u2013 Burghini \u2013 ten\u00eda a su hijo jugando en Independiente de Chillar, me vio jugar y <strong>cuando agarro en El Fort\u00edn me llam\u00f3 para jugar el Regional<\/strong>\u201d.<\/em><\/p>\n<p>&nbsp;<\/p>\n<p><em>\u201c<strong>Tenemos la idea de que ninguno de los dos equipos va a ser superior a nosotros<\/strong>\u201d<\/em>, enfatiz\u00f3 el ex Independiente de Chillar en referencia a la Zona con los equipos olavarrienses y recalc\u00f3: \u201c<em>Obviamente tenemos que hacer nuestro juego, pero siempre pensando en que no hay diferencia\u201d.<\/em><\/p>\n<p>&nbsp;<\/p>\n<p>De cara al siguiente desaf\u00edo, Tortorella sostuvo: <em>\u201c<strong>Ahora nos queda pensar en el partido contra Embajadores<\/strong> y esperemos que se nos d\u00e9 el mismo resultado\u201d<\/em>, concluy\u00f3.<\/p>\n","protected":false},"excerpt":{"rendered":"<p>El delantero brind\u00f3 sus declaraciones ante la prensa luego de la victoria \u201cFortinera\u201d ante Racing por el Torneo Regional Amateur.<\/p>\n","protected":false},"author":96739694,"featured_media":153523,"comment_status":"closed","ping_status":"closed","sticky":false,"template":"","format":"standard","meta":{"_jetpack_memberships_contains_paid_content":false,"footnotes":""},"categories":[35,1,54],"tags":[],"class_list":["post-139605","post","type-post","status-publish","format-standard","has-post-thumbnail","hentry","category-futbol","category-portada","category-torneo-regional-amateur"],"jetpack_featured_media_url":"https:\/\/i0.wp.com\/cdnoticias.com\/wp-content\/uploads\/2022\/10\/tortorella.jpeg?fit=1500%2C1000&ssl=1","jetpack_sharing_enabled":true,"_links":{"self":[{"href":"https:\/\/cdnoticias.com\/index.php\/wp-json\/wp\/v2\/posts\/139605","targetHints":{"allow":["GET"]}}],"collection":[{"href":"https:\/\/cdnoticias.com\/index.php\/wp-json\/wp\/v2\/posts"}],"about":[{"href":"https:\/\/cdnoticias.com\/index.php\/wp-json\/wp\/v2\/types\/post"}],"author":[{"embeddable":true,"href":"https:\/\/cdnoticias.com\/index.php\/wp-json\/wp\/v2\/users\/96739694"}],"replies":[{"embeddable":true,"href":"https:\/\/cdnoticias.com\/index.php\/wp-json\/wp\/v2\/comments?post=139605"}],"version-history":[{"count":0,"href":"https:\/\/cdnoticias.com\/index.php\/wp-json\/wp\/v2\/posts\/139605\/revisions"}],"wp:featuredmedia":[{"embeddable":true,"href":"https:\/\/cdnoticias.com\/index.php\/wp-json\/wp\/v2\/media\/153523"}],"wp:attachment":[{"href":"https:\/\/cdnoticias.com\/index.php\/wp-json\/wp\/v2\/media?parent=139605"}],"wp:term":[{"taxonomy":"category","embeddable":true,"href":"https:\/\/cdnoticias.com\/index.php\/wp-json\/wp\/v2\/categories?post=139605"},{"taxonomy":"post_tag","embeddable":true,"href":"https:\/\/cdnoticias.com\/index.php\/wp-json\/wp\/v2\/tags?post=139605"}],"curies":[{"name":"wp","href":"https:\/\/api.w.org\/{rel}","templated":true}]}}