{"id":139594,"date":"2022-10-24T17:17:47","date_gmt":"2022-10-24T20:17:47","guid":{"rendered":"http:\/\/centraldeportes.com.ar\/?p=25531"},"modified":"2025-02-10T23:29:03","modified_gmt":"2025-02-11T02:29:03","slug":"braian-guille-y-alfredo-troncoso-estan-en-cuartos-de-final-del-federal-a","status":"publish","type":"post","link":"https:\/\/cdnoticias.com\/index.php\/2022\/10\/24\/braian-guille-y-alfredo-troncoso-estan-en-cuartos-de-final-del-federal-a\/","title":{"rendered":"Braian Guille y Alfredo Troncoso est\u00e1n en cuartos de final del Federal A"},"content":{"rendered":"<p>Olimpo y Ciudad de Bol\u00edvar jugaron este fin de semana sus respectivos partidos del Reducido Final que otorgar\u00e1 el ansiado boleto a la Primera Nacional.<!--more--><\/p>\n<hr \/>\n<p><strong>El pasado fin de semana inici\u00f3 el Reducido Final del Torneo Federal A<\/strong>, con la disputa de los cruces eliminatorios entre equipos de la Zona Norte y Sur. Vale recordar que <strong>el certamen otorgar\u00e1 solamente un ascenso a la segunda categor\u00eda del f\u00fatbol nacional<\/strong>.<\/p>\n<p>&nbsp;<\/p>\n<p>El d\u00eda s\u00e1bado, <strong>Olimpo de Bah\u00eda Blanca<\/strong> \u2013 el mejor equipo de la Etapa Regular \u2013<strong> elimin\u00f3 a Sansinena en el Roberto Carminatti, luego de vencer por 1 a 0 con gol de Nelson Da Silva<\/strong> a los 8 minutos del primer tiempo. <strong>El olavarriense Braian Guille arranc\u00f3 de titular con la cinta de capit\u00e1n y particip\u00f3 en la jugada del gol que le dio el triunfo al \u201cAurinegro\u201d<\/strong>.<\/p>\n<p>&nbsp;<\/p>\n<figure id=\"attachment_25532\" aria-describedby=\"caption-attachment-25532\" style=\"width: 1076px\" class=\"wp-caption aligncenter\"><img data-recalc-dims=\"1\" loading=\"lazy\" decoding=\"async\" class=\"wp-image-25532 size-full\" src=\"https:\/\/i0.wp.com\/centraldeportes.com.ar\/wp-content\/uploads\/2022\/10\/Troncoso-vs-Douglas-Haig.jpeg?resize=800%2C529\" alt=\"\" width=\"800\" height=\"529\" \/><figcaption id=\"caption-attachment-25532\" class=\"wp-caption-text\">Cr\u00e9dito: Club Ciudad de Bol\u00edvar<\/figcaption><\/figure>\n<p>&nbsp;<\/p>\n<p>Por su parte el domingo, <strong>Club Ciudad de Bol\u00edvar recibi\u00f3 a Douglas Haig<\/strong> en el Estadio Municipal Eva Per\u00f3n. <strong>El \u201cCele\u201d, con goles de Ignacio Lucero a los 2\u2019 y a los 43\u2019, derrot\u00f3 2 a 0 al conjunto de Pergamino<\/strong> y tambi\u00e9n se meti\u00f3 entre los 8 mejores de la competencia. <strong>El ex Ferro, Alfredo Troncoso, estuvo presente desde el 11 inicial y fue reemplazado a los 69\u2019 por Luciano V\u00e1zquez<\/strong>.<\/p>\n<p>&nbsp;<\/p>\n<p>De cara a la <strong>pr\u00f3xima instancia<\/strong>, <strong>el elenco bolivarense viajar\u00e1 a Chaco para enfrentar a Sarmiento de Resistencia<\/strong>, mientras que <strong>Olimpo recibir\u00e1 en su cancha a Independiente de Chivilcoy<\/strong>.<\/p>\n<p>&nbsp;<\/p>\n<p><strong>Los dem\u00e1s cruces:<\/strong> Racing de C\u00f3rdoba \u2013 Central Norte (Salta) y Villa Mitre de Bah\u00eda Blanca \u2013 San Mart\u00edn (Formosa).<\/p>\n<p>&nbsp;<\/p>\n<p>Foto portada: <strong>Olimpo Oficial<\/strong>.<\/p>\n","protected":false},"excerpt":{"rendered":"<p>Olimpo y Ciudad de Bol\u00edvar jugaron este fin de semana sus respectivos partidos del Reducido Final que otorgar\u00e1 el ansiado<\/p>\n","protected":false},"author":96739694,"featured_media":153409,"comment_status":"closed","ping_status":"closed","sticky":false,"template":"","format":"standard","meta":{"_jetpack_memberships_contains_paid_content":false,"footnotes":""},"categories":[35,37,1],"tags":[],"class_list":["post-139594","post","type-post","status-publish","format-standard","has-post-thumbnail","hentry","category-futbol","category-futbol-profesional","category-portada"],"jetpack_featured_media_url":"https:\/\/i0.wp.com\/cdnoticias.com\/wp-content\/uploads\/2022\/10\/Guille-vs-Sansinena-1-e1666642373495.jpg?fit=864%2C693&ssl=1","jetpack_sharing_enabled":true,"_links":{"self":[{"href":"https:\/\/cdnoticias.com\/index.php\/wp-json\/wp\/v2\/posts\/139594","targetHints":{"allow":["GET"]}}],"collection":[{"href":"https:\/\/cdnoticias.com\/index.php\/wp-json\/wp\/v2\/posts"}],"about":[{"href":"https:\/\/cdnoticias.com\/index.php\/wp-json\/wp\/v2\/types\/post"}],"author":[{"embeddable":true,"href":"https:\/\/cdnoticias.com\/index.php\/wp-json\/wp\/v2\/users\/96739694"}],"replies":[{"embeddable":true,"href":"https:\/\/cdnoticias.com\/index.php\/wp-json\/wp\/v2\/comments?post=139594"}],"version-history":[{"count":0,"href":"https:\/\/cdnoticias.com\/index.php\/wp-json\/wp\/v2\/posts\/139594\/revisions"}],"wp:featuredmedia":[{"embeddable":true,"href":"https:\/\/cdnoticias.com\/index.php\/wp-json\/wp\/v2\/media\/153409"}],"wp:attachment":[{"href":"https:\/\/cdnoticias.com\/index.php\/wp-json\/wp\/v2\/media?parent=139594"}],"wp:term":[{"taxonomy":"category","embeddable":true,"href":"https:\/\/cdnoticias.com\/index.php\/wp-json\/wp\/v2\/categories?post=139594"},{"taxonomy":"post_tag","embeddable":true,"href":"https:\/\/cdnoticias.com\/index.php\/wp-json\/wp\/v2\/tags?post=139594"}],"curies":[{"name":"wp","href":"https:\/\/api.w.org\/{rel}","templated":true}]}}