{"id":139591,"date":"2022-10-23T23:50:58","date_gmt":"2022-10-24T02:50:58","guid":{"rendered":"http:\/\/centraldeportes.com.ar\/?p=25508"},"modified":"2025-02-10T23:26:12","modified_gmt":"2025-02-11T02:26:12","slug":"el-karting-corono-su-primer-campeon-del-ano-en-olavarria","status":"publish","type":"post","link":"https:\/\/cdnoticias.com\/index.php\/2022\/10\/23\/el-karting-corono-su-primer-campeon-del-ano-en-olavarria\/","title":{"rendered":"El Karting coron\u00f3 su primer campe\u00f3n del a\u00f1o en Olavarr\u00eda"},"content":{"rendered":"<p>Las divisionales de APPKO disputaron la pen\u00faltima fecha del campeonato, y en Junior 150, Bautista Robbiani gan\u00f3 y se consagr\u00f3 campe\u00f3n a una fecha del final. Valentino Fani Labioratto, Francisco Solari, Ignacio Grifes, Walter Moretti y Joaqu\u00edn Gonz\u00e1lez Coste se repartieron las victorias en las otras categor\u00edas.<\/p>\n<p><!--more--><\/p>\n<hr \/>\n<p>Jornada fant\u00e1stica en el kart\u00f3dromo del Amco, en otro festival de automovilismo de las divisionales del Kart\u00edng de APPKO, que colmaron el escenario Olavarr\u00eda para disputar la pen\u00faltima fecha, entrando en etapa definitoria de los campeonatos.<\/p>\n<p>&nbsp;<\/p>\n<p>Bautista Robbiani se convirti\u00f3 en el primer campe\u00f3n del 2022, tras ganar en la categor\u00eda Junior 150 y conseguir los puntos necesarios para que nadie lo pueda alcanzar a una fecha del final. Bautista Blasina ocup\u00f3 el segundo lugar y Franco Domina complet\u00f3 el podio.<\/p>\n<p>&nbsp;<\/p>\n<p>En la categor\u00eda Escuela 110, Agust\u00edn Robbiani y Benjam\u00edn Lantella, part\u00edan en primera fila y se debat\u00edan gran parte del campeonato, pero se tocaron en la primera curva y ambos perdieron mucho. Nicol\u00e1s Di Marco hered\u00f3 la punta, pero debi\u00f3 abandonar, por lo que Valentino Fani Laboratto aprovech\u00f3 para quedarse con la victoria. Segundo fue Benjam\u00edn Lantella, pero recibi\u00f3 un recargo por el toque del comienzo, por lo que Sim\u00f3n Irigoyen y Mateo Alfonso subieron al podio.<\/p>\n<p>&nbsp;<\/p>\n<div class=\"tiled-gallery type-rectangular tiled-gallery-unresized\" data-original-width=\"800\" data-carousel-extra='null' itemscope itemtype=\"http:\/\/schema.org\/ImageGallery\" > <div class=\"gallery-row\" style=\"width: 800px; height: 347px;\" data-original-width=\"800\" data-original-height=\"347\" > <div class=\"gallery-group images-2\" style=\"width: 309px; height: 347px;\" data-original-width=\"309\" data-original-height=\"347\" > <div class=\"tiled-gallery-item tiled-gallery-item-large\" itemprop=\"associatedMedia\" itemscope itemtype=\"http:\/\/schema.org\/ImageObject\"> <a href=\"https:\/\/i0.wp.com\/cdnoticias.com\/wp-content\/uploads\/2021\/07\/Maquinaria-agricola-agricultura.jpg?ssl=1\" border=\"0\" itemprop=\"url\"> <meta itemprop=\"width\" content=\"305\"> <meta itemprop=\"height\" content=\"170\"> <img decoding=\"async\" class=\"\" data-attachment-id=\"25509\" data-orig-file=\"https:\/\/cdnoticias.com\/wp-content\/uploads\/2021\/07\/Maquinaria-agricola-agricultura.jpg\" data-orig-size=\"800,445\" data-comments-opened=\"\" data-image-meta=\"{&quot;aperture&quot;:&quot;0&quot;,&quot;credit&quot;:&quot;&quot;,&quot;camera&quot;:&quot;&quot;,&quot;caption&quot;:&quot;&quot;,&quot;created_timestamp&quot;:&quot;0&quot;,&quot;copyright&quot;:&quot;&quot;,&quot;focal_length&quot;:&quot;0&quot;,&quot;iso&quot;:&quot;0&quot;,&quot;shutter_speed&quot;:&quot;0&quot;,&quot;title&quot;:&quot;&quot;,&quot;orientation&quot;:&quot;1&quot;}\" data-image-title=\"Maquinaria-agricola agricultura\" data-image-description=\"\" data-medium-file=\"https:\/\/i0.wp.com\/cdnoticias.com\/wp-content\/uploads\/2021\/07\/Maquinaria-agricola-agricultura.jpg?fit=300%2C167&#038;ssl=1\" data-large-file=\"https:\/\/i0.wp.com\/cdnoticias.com\/wp-content\/uploads\/2021\/07\/Maquinaria-agricola-agricultura.jpg?fit=800%2C445&#038;ssl=1\" src=\"https:\/\/i0.wp.com\/cdnoticias.com\/wp-content\/uploads\/2021\/07\/Maquinaria-agricola-agricultura.jpg?w=305&#038;h=170&#038;ssl=1\" srcset=\"https:\/\/i0.wp.com\/cdnoticias.com\/wp-content\/uploads\/2021\/07\/Maquinaria-agricola-agricultura.jpg?w=800&amp;ssl=1 800w, https:\/\/i0.wp.com\/cdnoticias.com\/wp-content\/uploads\/2021\/07\/Maquinaria-agricola-agricultura.jpg?resize=300%2C167&amp;ssl=1 300w, https:\/\/i0.wp.com\/cdnoticias.com\/wp-content\/uploads\/2021\/07\/Maquinaria-agricola-agricultura.jpg?resize=768%2C427&amp;ssl=1 768w\" width=\"305\" height=\"170\" loading=\"lazy\" data-original-width=\"305\" data-original-height=\"170\" itemprop=\"http:\/\/schema.org\/image\" title=\"Maquinaria-agricola agricultura\" alt=\"Maquinaria-agricola agricultura\" style=\"width: 305px; height: 170px;\" \/> <\/a> <\/div> <div class=\"tiled-gallery-item tiled-gallery-item-large\" itemprop=\"associatedMedia\" itemscope itemtype=\"http:\/\/schema.org\/ImageObject\"> <a href=\"https:\/\/i0.wp.com\/cdnoticias.com\/wp-content\/uploads\/2021\/07\/ministro-pablo-lopez.jpg?ssl=1\" border=\"0\" itemprop=\"url\"> <meta itemprop=\"width\" content=\"305\"> <meta itemprop=\"height\" content=\"169\"> <img decoding=\"async\" class=\"\" data-attachment-id=\"25510\" data-orig-file=\"https:\/\/cdnoticias.com\/wp-content\/uploads\/2021\/07\/ministro-pablo-lopez.jpg\" data-orig-size=\"800,445\" data-comments-opened=\"\" data-image-meta=\"{&quot;aperture&quot;:&quot;0&quot;,&quot;credit&quot;:&quot;&quot;,&quot;camera&quot;:&quot;&quot;,&quot;caption&quot;:&quot;&quot;,&quot;created_timestamp&quot;:&quot;0&quot;,&quot;copyright&quot;:&quot;&quot;,&quot;focal_length&quot;:&quot;0&quot;,&quot;iso&quot;:&quot;0&quot;,&quot;shutter_speed&quot;:&quot;0&quot;,&quot;title&quot;:&quot;&quot;,&quot;orientation&quot;:&quot;1&quot;}\" data-image-title=\"ministro pablo lopez\" data-image-description=\"\" data-medium-file=\"https:\/\/i0.wp.com\/cdnoticias.com\/wp-content\/uploads\/2021\/07\/ministro-pablo-lopez.jpg?fit=300%2C167&#038;ssl=1\" data-large-file=\"https:\/\/i0.wp.com\/cdnoticias.com\/wp-content\/uploads\/2021\/07\/ministro-pablo-lopez.jpg?fit=800%2C445&#038;ssl=1\" src=\"https:\/\/i0.wp.com\/cdnoticias.com\/wp-content\/uploads\/2021\/07\/ministro-pablo-lopez.jpg?w=305&#038;h=169&#038;ssl=1\" srcset=\"https:\/\/i0.wp.com\/cdnoticias.com\/wp-content\/uploads\/2021\/07\/ministro-pablo-lopez.jpg?w=800&amp;ssl=1 800w, https:\/\/i0.wp.com\/cdnoticias.com\/wp-content\/uploads\/2021\/07\/ministro-pablo-lopez.jpg?resize=300%2C167&amp;ssl=1 300w, https:\/\/i0.wp.com\/cdnoticias.com\/wp-content\/uploads\/2021\/07\/ministro-pablo-lopez.jpg?resize=768%2C427&amp;ssl=1 768w\" width=\"305\" height=\"169\" loading=\"lazy\" data-original-width=\"305\" data-original-height=\"169\" itemprop=\"http:\/\/schema.org\/image\" title=\"ministro pablo lopez\" alt=\"ministro pablo lopez\" style=\"width: 305px; height: 169px;\" \/> <\/a> <\/div> <\/div> <!-- close group --> <div class=\"gallery-group images-1\" style=\"width: 491px; height: 347px;\" data-original-width=\"491\" data-original-height=\"347\" > <div class=\"tiled-gallery-item tiled-gallery-item-large\" itemprop=\"associatedMedia\" itemscope itemtype=\"http:\/\/schema.org\/ImageObject\"> <a href=\"https:\/\/i0.wp.com\/cdnoticias.com\/wp-content\/uploads\/2021\/07\/actividad-economica-provincial.jpg?ssl=1\" border=\"0\" itemprop=\"url\"> <meta itemprop=\"width\" content=\"487\"> <meta itemprop=\"height\" content=\"343\"> <img decoding=\"async\" class=\"\" data-attachment-id=\"25511\" data-orig-file=\"https:\/\/cdnoticias.com\/wp-content\/uploads\/2021\/07\/actividad-economica-provincial.jpg\" data-orig-size=\"713,502\" data-comments-opened=\"\" data-image-meta=\"{&quot;aperture&quot;:&quot;0&quot;,&quot;credit&quot;:&quot;&quot;,&quot;camera&quot;:&quot;&quot;,&quot;caption&quot;:&quot;&quot;,&quot;created_timestamp&quot;:&quot;0&quot;,&quot;copyright&quot;:&quot;&quot;,&quot;focal_length&quot;:&quot;0&quot;,&quot;iso&quot;:&quot;0&quot;,&quot;shutter_speed&quot;:&quot;0&quot;,&quot;title&quot;:&quot;&quot;,&quot;orientation&quot;:&quot;1&quot;}\" data-image-title=\"actividad economica provincial\" data-image-description=\"\" data-medium-file=\"https:\/\/i0.wp.com\/cdnoticias.com\/wp-content\/uploads\/2021\/07\/actividad-economica-provincial.jpg?fit=300%2C211&#038;ssl=1\" data-large-file=\"https:\/\/i0.wp.com\/cdnoticias.com\/wp-content\/uploads\/2021\/07\/actividad-economica-provincial.jpg?fit=713%2C502&#038;ssl=1\" src=\"https:\/\/i0.wp.com\/cdnoticias.com\/wp-content\/uploads\/2021\/07\/actividad-economica-provincial.jpg?w=487&#038;h=343&#038;ssl=1\" srcset=\"https:\/\/i0.wp.com\/cdnoticias.com\/wp-content\/uploads\/2021\/07\/actividad-economica-provincial.jpg?w=713&amp;ssl=1 713w, https:\/\/i0.wp.com\/cdnoticias.com\/wp-content\/uploads\/2021\/07\/actividad-economica-provincial.jpg?resize=300%2C211&amp;ssl=1 300w\" width=\"487\" height=\"343\" loading=\"lazy\" data-original-width=\"487\" data-original-height=\"343\" itemprop=\"http:\/\/schema.org\/image\" title=\"actividad economica provincial\" alt=\"actividad economica provincial\" style=\"width: 487px; height: 343px;\" \/> <\/a> <\/div> <\/div> <!-- close group --> <\/div> <!-- close row --> <\/div>\n<p>&nbsp;<\/p>\n<p>En S\u00faper Cajeros 150 Juan Pablo Camps sum\u00f3 puntos que le permiten estar a un paso del t\u00edtulo, ya que s\u00f3lo con su presencia en Tandil estar\u00e1 consiguiendo el punto necesario para asegurarse una ventaja insalvable de puntos. Volvi\u00f3 a ganar si problemas y de punta a punta, mientras Hern\u00e1n Carpinetti y Favio Maldonado lucharon por el segundo lugar, arribando en ese orden.<\/p>\n<p>&nbsp;<\/p>\n<p>En Cadetes 150 Francisco Solari volvi\u00f3 a ganar, y sum\u00f3 puntos claves para el t\u00edtulo, llegando como l\u00edder a la \u00faltima fecha de Tandil. Los olavarrienses Valentino L\u00f3pez Cieza y Lautaro Zurita completaron el podio.<\/p>\n<p>&nbsp;<\/p>\n<p>En M\u00e1ster 150 Ignacio Grifes se qued\u00f3 con un triunfo de punta a punta y con autoridad. Maicol Pinelli, arrib\u00f3 segundo y tambi\u00e9n sum\u00f3 puntos importantes para pelear por el campeonato en la \u00faltima fecha. Nicol\u00e1s \u00c1vila ocup\u00f3 el \u00faltimo escal\u00f3n del podio.<\/p>\n<p>&nbsp;<\/p>\n<p>[soliloquy id=&#8221;25519&#8243;]<\/p>\n<p>&nbsp;<\/p>\n<p>En Cajeros 150 Walter Moretti consigui\u00f3 una victoria muy importante que le impidi\u00f3 Sebasti\u00e1n Chapar festejar el t\u00edtulo en forma anticipada. Precisamente Equisito y Chapar, lucharon por el segundo lugar, pero el l\u00edder del torneo no encontr\u00f3 el lugar y se tuvo que conformar con ser tercero.<\/p>\n<p>&nbsp;<\/p>\n<p>La categor\u00eda Kayak 250, que hace su estreno esta temporada, tuvo como ganador nuevamente a Bernardo Moreno que se llev\u00f3 la quinta final del a\u00f1o. Pedro P\u00e9rez L\u00f3pez y Mario Iriarte lo escoltaron en el clasificador.<\/p>\n<p>&nbsp;<\/p>\n<p>Por \u00faltimo, la categor\u00eda Directos 125 RF brind\u00f3 una gran carrera con Jonathan Bordacahar aprovechando el retraso de Axel Biscaichipy, que lleg\u00f3 como l\u00edder del torneo y si bien perdi\u00f3 la carrera se pudo recuperar para ser cuarto. Tom\u00e1s Molli fue segundo y Bernardo Moreno tercero.<\/p>\n<p>&nbsp;<\/p>\n<p>La \u00faltima fecha se disputar\u00e1 en \u201cJuan Carlos Espelet\u201d de Tandil el pr\u00f3ximo 20 de noviembre.<\/p>\n","protected":false},"excerpt":{"rendered":"<p>Las divisionales de APPKO disputaron la pen\u00faltima fecha del campeonato, y en Junior 150, Bautista Robbiani gan\u00f3 y se consagr\u00f3<\/p>\n","protected":false},"author":96739694,"featured_media":0,"comment_status":"closed","ping_status":"closed","sticky":false,"template":"","format":"standard","meta":{"_jetpack_memberships_contains_paid_content":false,"footnotes":""},"categories":[33,34,1],"tags":[],"class_list":["post-139591","post","type-post","status-publish","format-standard","hentry","category-appko","category-automovilismo","category-portada"],"jetpack_featured_media_url":"","jetpack_sharing_enabled":true,"_links":{"self":[{"href":"https:\/\/cdnoticias.com\/index.php\/wp-json\/wp\/v2\/posts\/139591","targetHints":{"allow":["GET"]}}],"collection":[{"href":"https:\/\/cdnoticias.com\/index.php\/wp-json\/wp\/v2\/posts"}],"about":[{"href":"https:\/\/cdnoticias.com\/index.php\/wp-json\/wp\/v2\/types\/post"}],"author":[{"embeddable":true,"href":"https:\/\/cdnoticias.com\/index.php\/wp-json\/wp\/v2\/users\/96739694"}],"replies":[{"embeddable":true,"href":"https:\/\/cdnoticias.com\/index.php\/wp-json\/wp\/v2\/comments?post=139591"}],"version-history":[{"count":0,"href":"https:\/\/cdnoticias.com\/index.php\/wp-json\/wp\/v2\/posts\/139591\/revisions"}],"wp:attachment":[{"href":"https:\/\/cdnoticias.com\/index.php\/wp-json\/wp\/v2\/media?parent=139591"}],"wp:term":[{"taxonomy":"category","embeddable":true,"href":"https:\/\/cdnoticias.com\/index.php\/wp-json\/wp\/v2\/categories?post=139591"},{"taxonomy":"post_tag","embeddable":true,"href":"https:\/\/cdnoticias.com\/index.php\/wp-json\/wp\/v2\/tags?post=139591"}],"curies":[{"name":"wp","href":"https:\/\/api.w.org\/{rel}","templated":true}]}}