{"id":139578,"date":"2022-10-22T22:45:39","date_gmt":"2022-10-23T01:45:39","guid":{"rendered":"http:\/\/centraldeportes.com.ar\/?p=25373"},"modified":"2025-02-10T23:23:30","modified_gmt":"2025-02-11T02:23:30","slug":"lucio-falasco-debuto-en-primera-division-con-aldosivi","status":"publish","type":"post","link":"https:\/\/cdnoticias.com\/index.php\/2022\/10\/22\/lucio-falasco-debuto-en-primera-division-con-aldosivi\/","title":{"rendered":"Lucio Falasco debut\u00f3 en Primera Divisi\u00f3n con Aldosivi"},"content":{"rendered":"<p>El olavarriense de 18 a\u00f1os surgido de Embajadores ingres\u00f3 en el segundo tiempo en la derrota 3 a 0 del \u201cTibur\u00f3n\u201d a manos de San Lorenzo.<!--more--><\/p>\n<hr \/>\n<p><strong>Vistiendo la camiseta de Aldosivi, Lucio Falasco tuvo su estreno en la \u00e9lite del f\u00fatbol argentino en la tarde de este s\u00e1bado<\/strong>, por el duelo correspondiente a la \u00faltima fecha de la Liga Profesional de F\u00fatbol.<\/p>\n<p>&nbsp;<\/p>\n<div class=\"jetpack-video-wrapper\"><iframe loading=\"lazy\" width=\"800\" height=\"450\" src=\"https:\/\/www.youtube.com\/embed\/VmTxHk4K9yQ?feature=oembed\" frameborder=\"0\" allow=\"accelerometer; autoplay; clipboard-write; encrypted-media; gyroscope; picture-in-picture\" allowfullscreen title=\"Lucio Falasco debut\u00f3 en Primera Divisi\u00f3n con Aldosivi\"><\/iframe><\/div>\n<p>&nbsp;<\/p>\n<p><strong>El \u201cTibur\u00f3n\u201d<\/strong> \u2013 ya descendido a la Primera Nacional \u2013 present\u00f3 un equipo repleto de juveniles y <strong>cay\u00f3 por 3 a 0 frente a San Lorenzo en el Nuevo Gas\u00f3metro<\/strong>. <strong>Falasco, con la dorsal n\u00famero 51, ingres\u00f3 a los 69\u2019 de la etapa complementaria en reemplazo de Rufino Lucero<\/strong>.<\/p>\n<p>&nbsp;<\/p>\n<p>De esta manera y con varios minutos sumados en Reserva,<strong> el volante surgido de Embajadores tuvo su oportunidad y cumpli\u00f3 el sue\u00f1o de jugar en Primera Divisi\u00f3n<\/strong>.<\/p>\n","protected":false},"excerpt":{"rendered":"<p>El olavarriense de 18 a\u00f1os surgido de Embajadores ingres\u00f3 en el segundo tiempo en la derrota 3 a 0 del<\/p>\n","protected":false},"author":96739694,"featured_media":147072,"comment_status":"closed","ping_status":"closed","sticky":false,"template":"","format":"standard","meta":{"_jetpack_memberships_contains_paid_content":false,"footnotes":""},"categories":[35,37,1],"tags":[],"class_list":["post-139578","post","type-post","status-publish","format-standard","has-post-thumbnail","hentry","category-futbol","category-futbol-profesional","category-portada"],"jetpack_featured_media_url":"https:\/\/i0.wp.com\/cdnoticias.com\/wp-content\/uploads\/2022\/02\/274167655_5099181996792035_8665097779871901168_n.jpg?fit=1368%2C912&ssl=1","jetpack_sharing_enabled":true,"_links":{"self":[{"href":"https:\/\/cdnoticias.com\/index.php\/wp-json\/wp\/v2\/posts\/139578","targetHints":{"allow":["GET"]}}],"collection":[{"href":"https:\/\/cdnoticias.com\/index.php\/wp-json\/wp\/v2\/posts"}],"about":[{"href":"https:\/\/cdnoticias.com\/index.php\/wp-json\/wp\/v2\/types\/post"}],"author":[{"embeddable":true,"href":"https:\/\/cdnoticias.com\/index.php\/wp-json\/wp\/v2\/users\/96739694"}],"replies":[{"embeddable":true,"href":"https:\/\/cdnoticias.com\/index.php\/wp-json\/wp\/v2\/comments?post=139578"}],"version-history":[{"count":0,"href":"https:\/\/cdnoticias.com\/index.php\/wp-json\/wp\/v2\/posts\/139578\/revisions"}],"wp:featuredmedia":[{"embeddable":true,"href":"https:\/\/cdnoticias.com\/index.php\/wp-json\/wp\/v2\/media\/147072"}],"wp:attachment":[{"href":"https:\/\/cdnoticias.com\/index.php\/wp-json\/wp\/v2\/media?parent=139578"}],"wp:term":[{"taxonomy":"category","embeddable":true,"href":"https:\/\/cdnoticias.com\/index.php\/wp-json\/wp\/v2\/categories?post=139578"},{"taxonomy":"post_tag","embeddable":true,"href":"https:\/\/cdnoticias.com\/index.php\/wp-json\/wp\/v2\/tags?post=139578"}],"curies":[{"name":"wp","href":"https:\/\/api.w.org\/{rel}","templated":true}]}}