{"id":139566,"date":"2022-10-21T13:44:51","date_gmt":"2022-10-21T16:44:51","guid":{"rendered":"http:\/\/centraldeportes.com.ar\/?p=25287"},"modified":"2025-02-10T22:17:42","modified_gmt":"2025-02-11T01:17:42","slug":"tres-fechas-mas-se-jugaron-del-torneo-oficial-individual","status":"publish","type":"post","link":"https:\/\/cdnoticias.com\/index.php\/2022\/10\/21\/tres-fechas-mas-se-jugaron-del-torneo-oficial-individual\/","title":{"rendered":"Tres fechas m\u00e1s se jugaron del Torneo Oficial Individual"},"content":{"rendered":"<p>El Torneo Oficial Individual de Primera organizado por la Asociaci\u00f3n de Bochas de Olavarr\u00eda complet\u00f3 otra semana de profusa actividad con la disputa de otras tres fechas.<\/p>\n<p><!--more--><\/p>\n<hr \/>\n<p>Uno de los cert\u00e1menes m\u00e1s importantes para el deporte boch\u00f3filo complet\u00f3 otra semana de partidos en sus dos zonas en diferentes escenarios.<\/p>\n<p>&nbsp;<\/p>\n<p>Las dos zonas de la competencia individual se disputaron entre el martes y el pasado jueves.<\/p>\n<p>&nbsp;<\/p>\n<p>Los resultados:<\/p>\n<p>&nbsp;<\/p>\n<p>4\u00b0 fecha:<\/p>\n<p>Zona 1<br \/>\nPedro Sosa (Hinojo) 4 \u2013 12 Nicol\u00e1s Serantes (Fort\u00edn Tradicionalista)<br \/>\nRub\u00e9n Giannoni (\u00c1lvaro Barros) 7 \u2013 12 Roberto Vallejos (Pueblo Nuevo)<br \/>\nDavid Miceli (El Fort\u00edn) 12 \u2013 8 Heber Hammersmichdt (San Mart\u00edn)<br \/>\nMart\u00edn Orradre (Sierra Chica) 12 \u2013 0 Hugo Gocella (Loma Negra)<\/p>\n<p>Zona 2<br \/>\nCarlos Trepicchio (Hinojo) 1 \u2013 12 Daniel Serantes (Fort\u00edn Tradicionalista)<br \/>\nBenjam\u00edn Olmedo (\u00c1lvaro Barros) 0 \u2013 12 Juan Pablo Notararigo (Pueblo Nuevo)<br \/>\nDaniel Miceli (El Fort\u00edn) 5 \u2013 12 Gast\u00f3n Tisera (San Mart\u00edn)<br \/>\nJos\u00e9 Carlos Marinangeli (Sierra Chica) 12 \u2013 11 Omar Landaverr\u00eda (Loma Negra)<\/p>\n<p>&nbsp;<\/p>\n<p>5\u00b0 fecha:<\/p>\n<p>Zona 1<br \/>\nPedro Sosa (Hinojo) 4 &#8211; 12 Mart\u00edn Orradre (Sierra Chica)<br \/>\nNicol\u00e1s Serantes (Fort\u00edn Tradicionalista) 12 \u2013 4 David Miceli (El Fort\u00edn)<br \/>\nRoberto Vallejos (Pueblo Nuevo) 12 \u2013 6 Hugo Gocella (Loma Negra)<br \/>\nRub\u00e9n Giannoni (\u00c1lvaro Barros) 12 \u2013 3 Ever Hammersmichdt (San Mart\u00edn)<\/p>\n<p>Zona 2<br \/>\nCarlos Trepicchio (Hinojo) 4 \u2013 12 Jos\u00e9 Carlos Marinangeli (Sierra Chica)<br \/>\nDaniel Serantes (Fort\u00edn Tradicionalista) 12 \u2013 5 Daniel Miceli (El Fort\u00edn)<br \/>\nJuan Pablo Notararigo (Pueblo Nuevo) 12 \u2013 6 Omar Landaverr\u00eda (Loma Negra)<br \/>\nBenjam\u00edn Olmedo (\u00c1lvaro Barros) 9 \u2013 12 Gast\u00f3n Tisera (San Mart\u00edn)<\/p>\n<p>&nbsp;<\/p>\n<p>6\u00b0 fecha:<\/p>\n<p>Zona 1<br \/>\nMart\u00edn Orradre (Sierra Chica) 12 \u2013 0 Roberto Vallejos (Pueblo Nuevo)<br \/>\nDavid Miceli (El Fort\u00edn) 12 \u2013 4 Pedro Sosa (Hinojo)<br \/>\nRub\u00e9n Giannoni (\u00c1lvaro Barros) 9 \u2013 12 Nicol\u00e1s Serantes (Fort\u00edn Tradicionalista)<br \/>\nHugo Gocella (Loma Negra) 2 \u2013 12 Ever Hammersmichdt (San Mart\u00edn)<\/p>\n<p>Zona 2:<br \/>\nBenjam\u00edn Olmedo (\u00c1lvaro Barros) 12 \u2013 0 Daniel Serantes (Fort\u00edn Tradicionalista)<br \/>\nDaniel Miceli (El Fort\u00edn) 5 \u2013 12 Carlos Trepicchio (Hinojo)<br \/>\nJos\u00e9 Carlos Marinangeli (Sierra Chica) 12 \u2013 11 Juan Pablo Notararigo (Pueblo Nuevo)<br \/>\nOmar Landaverr\u00eda (Loma Negra) 12 \u2013 8 Gast\u00f3n Tisera (San Mart\u00edn)<\/p>\n","protected":false},"excerpt":{"rendered":"<p>El Torneo Oficial Individual de Primera organizado por la Asociaci\u00f3n de Bochas de Olavarr\u00eda complet\u00f3 otra semana de profusa actividad<\/p>\n","protected":false},"author":96739694,"featured_media":144828,"comment_status":"closed","ping_status":"closed","sticky":false,"template":"","format":"standard","meta":{"_jetpack_memberships_contains_paid_content":false,"footnotes":""},"categories":[30,1],"tags":[],"class_list":["post-139566","post","type-post","status-publish","format-standard","has-post-thumbnail","hentry","category-polideportivo","category-portada"],"jetpack_featured_media_url":"https:\/\/i0.wp.com\/cdnoticias.com\/wp-content\/uploads\/2021\/11\/831.jpg?fit=1280%2C960&ssl=1","jetpack_sharing_enabled":true,"_links":{"self":[{"href":"https:\/\/cdnoticias.com\/index.php\/wp-json\/wp\/v2\/posts\/139566","targetHints":{"allow":["GET"]}}],"collection":[{"href":"https:\/\/cdnoticias.com\/index.php\/wp-json\/wp\/v2\/posts"}],"about":[{"href":"https:\/\/cdnoticias.com\/index.php\/wp-json\/wp\/v2\/types\/post"}],"author":[{"embeddable":true,"href":"https:\/\/cdnoticias.com\/index.php\/wp-json\/wp\/v2\/users\/96739694"}],"replies":[{"embeddable":true,"href":"https:\/\/cdnoticias.com\/index.php\/wp-json\/wp\/v2\/comments?post=139566"}],"version-history":[{"count":0,"href":"https:\/\/cdnoticias.com\/index.php\/wp-json\/wp\/v2\/posts\/139566\/revisions"}],"wp:featuredmedia":[{"embeddable":true,"href":"https:\/\/cdnoticias.com\/index.php\/wp-json\/wp\/v2\/media\/144828"}],"wp:attachment":[{"href":"https:\/\/cdnoticias.com\/index.php\/wp-json\/wp\/v2\/media?parent=139566"}],"wp:term":[{"taxonomy":"category","embeddable":true,"href":"https:\/\/cdnoticias.com\/index.php\/wp-json\/wp\/v2\/categories?post=139566"},{"taxonomy":"post_tag","embeddable":true,"href":"https:\/\/cdnoticias.com\/index.php\/wp-json\/wp\/v2\/tags?post=139566"}],"curies":[{"name":"wp","href":"https:\/\/api.w.org\/{rel}","templated":true}]}}