{"id":139565,"date":"2022-10-21T13:43:32","date_gmt":"2022-10-21T16:43:32","guid":{"rendered":"http:\/\/centraldeportes.com.ar\/?p=25284"},"modified":"2025-02-10T22:18:01","modified_gmt":"2025-02-11T01:18:01","slug":"olavarria-dice-presente-en-los-juegos-nacionales-evita","status":"publish","type":"post","link":"https:\/\/cdnoticias.com\/index.php\/2022\/10\/21\/olavarria-dice-presente-en-los-juegos-nacionales-evita\/","title":{"rendered":"Olavarr\u00eda dice presente en los Juegos Nacionales Evita"},"content":{"rendered":"<p>Casi una veintena de deportistas olavarrienses viajar\u00e1n a Mar del Plata para participar de los Juegos Nacionales Evita que tendr\u00e1n lugar la venidera semana.<\/p>\n<p><!--more--><\/p>\n<hr \/>\n<p>Desde la Subsecretar\u00eda de Deportes y Recreaci\u00f3n de la Municipalidad de Olavarr\u00eda se inform\u00f3 que el fin de semana una delegaci\u00f3n integrada por 18 deportistas locales viajar\u00e1 a Mar del Plata para competir en los Juegos Nacionales Evita, donde representar\u00e1n a la provincia de Buenos Aires.<\/p>\n<p>&nbsp;<\/p>\n<p>La salida con destino a la ciudad balnearia est\u00e1 pautada para este domingo a las 13 horas desde la plaza Coronel Olavarr\u00eda. El arribo se dar\u00eda alrededor de las 17 horas. La competencia, que es organizada desde el Ministerio de Turismo y Deportes de la Naci\u00f3n, se iniciar\u00e1 el lunes 24 del corriente mes, mientras que finalizar\u00e1 el s\u00e1bado 29 de octubre.<\/p>\n<p>&nbsp;<\/p>\n<p>Se recuerda que la etapa clasificatoria a los Juegos Nacionales Evita se llev\u00f3 a cabo de manera paralela a la clasificaci\u00f3n a los Juegos Bonaerenses.<\/p>\n<p>&nbsp;<\/p>\n<p>En ese sentido, vale destacar que algunos de los representantes locales que viajar\u00e1n este domingo cosecharon medallas y destacadas participaciones en la final de los Bonaerenses, que semanas atr\u00e1s se desarrollaron en la misma ciudad.<\/p>\n<p>&nbsp;<\/p>\n<p>La delegaci\u00f3n completa:<\/p>\n<p>&nbsp;<\/p>\n<p>V\u00f3ley Sub17<br \/>\nDelfina Adorno Lindner<br \/>\nPilar Aguilera Lospinoso<br \/>\nGuadalupe Erripa<br \/>\nCarm\u00edn Fern\u00e1ndez Montero<br \/>\nAbril Manzur<br \/>\nMatilde Mattaini Vicu\u00f1a<br \/>\nYelena Merlos<br \/>\nFiona Matilda Perera<br \/>\nDelfina Perner<br \/>\nPaloma Routaboul Ziegler<\/p>\n<p>Ciclismo Sub16<br \/>\nMaira Valentina Oliv\u00e1n<br \/>\nCharo Bernabela Posse<\/p>\n<p>Ciclismo Sub14<br \/>\nCielo Selene Randazzo<\/p>\n<p>Canotaje Sub14<br \/>\nConsuelo Mart\u00ednez Vailati<\/p>\n<p>Atletismo Sub17<br \/>\nEl\u00edas Ignacio Alga\u00f1araz Ortiz<\/p>\n<p>Nataci\u00f3n Sub14<br \/>\nFernando Altamira Luque<\/p>\n<p>Tiro Sub15<br \/>\nLucas Valent\u00edn Angulo<\/p>\n<p>Ajedrez Sub16<br \/>\nAugusto Ara\u00f1a<\/p>\n<p>&nbsp;<\/p>\n<p>Por \u00faltimo, se a\u00f1adi\u00f3 que dos profesores viajar\u00e1n en calidad de acompa\u00f1antes.<\/p>\n","protected":false},"excerpt":{"rendered":"<p>Casi una veintena de deportistas olavarrienses viajar\u00e1n a Mar del Plata para participar de los Juegos Nacionales Evita que tendr\u00e1n<\/p>\n","protected":false},"author":96739694,"featured_media":153075,"comment_status":"closed","ping_status":"closed","sticky":false,"template":"","format":"standard","meta":{"_jetpack_memberships_contains_paid_content":false,"footnotes":""},"categories":[30,1],"tags":[],"class_list":["post-139565","post","type-post","status-publish","format-standard","has-post-thumbnail","hentry","category-polideportivo","category-portada"],"jetpack_featured_media_url":"https:\/\/i0.wp.com\/cdnoticias.com\/wp-content\/uploads\/2022\/10\/evita.jpeg?fit=1600%2C899&ssl=1","jetpack_sharing_enabled":true,"_links":{"self":[{"href":"https:\/\/cdnoticias.com\/index.php\/wp-json\/wp\/v2\/posts\/139565","targetHints":{"allow":["GET"]}}],"collection":[{"href":"https:\/\/cdnoticias.com\/index.php\/wp-json\/wp\/v2\/posts"}],"about":[{"href":"https:\/\/cdnoticias.com\/index.php\/wp-json\/wp\/v2\/types\/post"}],"author":[{"embeddable":true,"href":"https:\/\/cdnoticias.com\/index.php\/wp-json\/wp\/v2\/users\/96739694"}],"replies":[{"embeddable":true,"href":"https:\/\/cdnoticias.com\/index.php\/wp-json\/wp\/v2\/comments?post=139565"}],"version-history":[{"count":0,"href":"https:\/\/cdnoticias.com\/index.php\/wp-json\/wp\/v2\/posts\/139565\/revisions"}],"wp:featuredmedia":[{"embeddable":true,"href":"https:\/\/cdnoticias.com\/index.php\/wp-json\/wp\/v2\/media\/153075"}],"wp:attachment":[{"href":"https:\/\/cdnoticias.com\/index.php\/wp-json\/wp\/v2\/media?parent=139565"}],"wp:term":[{"taxonomy":"category","embeddable":true,"href":"https:\/\/cdnoticias.com\/index.php\/wp-json\/wp\/v2\/categories?post=139565"},{"taxonomy":"post_tag","embeddable":true,"href":"https:\/\/cdnoticias.com\/index.php\/wp-json\/wp\/v2\/tags?post=139565"}],"curies":[{"name":"wp","href":"https:\/\/api.w.org\/{rel}","templated":true}]}}