{"id":139559,"date":"2022-10-20T14:10:42","date_gmt":"2022-10-20T17:10:42","guid":{"rendered":"http:\/\/centraldeportes.com.ar\/?p=25237"},"modified":"2025-02-10T22:13:44","modified_gmt":"2025-02-11T01:13:44","slug":"augusto-arana-campeon-invicto-en-el-festival-proam-juvenil","status":"publish","type":"post","link":"https:\/\/cdnoticias.com\/index.php\/2022\/10\/20\/augusto-arana-campeon-invicto-en-el-festival-proam-juvenil\/","title":{"rendered":"Augusto Ara\u00f1a campe\u00f3n invicto en el Festival ProAm Juvenil"},"content":{"rendered":"<p>El trebejista olavarriense logr\u00f3 el primer puesto en el Festival ProAm Juvenil que tuvo lugar el pasado s\u00e1bado en Vicente L\u00f3pez.<\/p>\n<p><!--more--><\/p>\n<hr \/>\n<p>En el Centro de Convenciones Dr. Arturo Frondizi se desarroll\u00f3 el Festival Escolar y Juvenil ProAm, enmarcado dentro de las actividades previstas por la Federaci\u00f3n Internacional de Ajedrez y la Federaci\u00f3n Argentina de Ajedrez al celebrarse en el presente mes los 100 a\u00f1os de la instituci\u00f3n.<\/p>\n<p>&nbsp;<\/p>\n<p>El torneo, suizo a 5 rondas, tuvo un tiempo de reflexi\u00f3n de 8 minutos m\u00e1s dos segundos de incremento desde la movida inicial, cont\u00f3 con el arbitraje principal de la AI Beatriz Liendro y se dividi\u00f3 en cuatro categor\u00edas: Escolar 1 (sala de 5 a 2do. Grado), Escolar 2 (3er y 4to grado), Escolar 3 (5to y 6to) y Juvenil (Secundario).<\/p>\n<p>&nbsp;<\/p>\n<p>Augusto Ara\u00f1a, \u00fanico representante de Olavarr\u00eda, alumno de 4\u00b0 a\u00f1o de la Escuela Nacional \u201cAdolfo P\u00e9rez Esquivel\u201d perteneciente a la Universidad Nacional del Centro, compiti\u00f3 en la categor\u00eda Juvenil, donde, transcurridas las 5 rondas, finaliz\u00f3 campe\u00f3n invicto cosechando 5 triunfos de los 5 posibles.<\/p>\n<p>&nbsp;<\/p>\n<p>Completaron el podio, el representante del M\u00e1ster College Luca Galafassi, que cosech\u00f3 4 puntos y Mat\u00edas Loray que finaliz\u00f3 en el tercer lugar con 3 puntos y represent\u00f3 al Colegio La Anunciata.<\/p>\n<p>&nbsp;<\/p>\n<p>Adem\u00e1s de la ENAPE, en esta categor\u00eda, hubo representantes del M\u00e1ster College de Belgrano, Colegio la Anunciata de CABA, Instituto Amanecer Argentino de Moreno, Instituto Mariano Moreno, Colegio Santa Teresita del Ni\u00f1o Jes\u00fas de Vicente L\u00f3pez, Escuela de Educaci\u00f3n Secundaria N\u00b09 de Avellaneda, Instituto Privado Moreno, Instituto Gin\u00e9s de la Quintana de Florida, Vte. L\u00f3pez, Instituto Senderos Azules de Monte Grande, Escuela Municipal Paula Albarrac\u00edn de Olivos y del Colegio Rudolf Steiner de Vicente L\u00f3pez.<\/p>\n","protected":false},"excerpt":{"rendered":"<p>El trebejista olavarriense logr\u00f3 el primer puesto en el Festival ProAm Juvenil que tuvo lugar el pasado s\u00e1bado en Vicente<\/p>\n","protected":false},"author":96739694,"featured_media":152961,"comment_status":"closed","ping_status":"closed","sticky":false,"template":"","format":"standard","meta":{"_jetpack_memberships_contains_paid_content":false,"footnotes":""},"categories":[30,1],"tags":[],"class_list":["post-139559","post","type-post","status-publish","format-standard","has-post-thumbnail","hentry","category-polideportivo","category-portada"],"jetpack_featured_media_url":"https:\/\/i0.wp.com\/cdnoticias.com\/wp-content\/uploads\/2022\/10\/ara%C3%B1a-1.png?fit=800%2C445&ssl=1","jetpack_sharing_enabled":true,"_links":{"self":[{"href":"https:\/\/cdnoticias.com\/index.php\/wp-json\/wp\/v2\/posts\/139559","targetHints":{"allow":["GET"]}}],"collection":[{"href":"https:\/\/cdnoticias.com\/index.php\/wp-json\/wp\/v2\/posts"}],"about":[{"href":"https:\/\/cdnoticias.com\/index.php\/wp-json\/wp\/v2\/types\/post"}],"author":[{"embeddable":true,"href":"https:\/\/cdnoticias.com\/index.php\/wp-json\/wp\/v2\/users\/96739694"}],"replies":[{"embeddable":true,"href":"https:\/\/cdnoticias.com\/index.php\/wp-json\/wp\/v2\/comments?post=139559"}],"version-history":[{"count":0,"href":"https:\/\/cdnoticias.com\/index.php\/wp-json\/wp\/v2\/posts\/139559\/revisions"}],"wp:featuredmedia":[{"embeddable":true,"href":"https:\/\/cdnoticias.com\/index.php\/wp-json\/wp\/v2\/media\/152961"}],"wp:attachment":[{"href":"https:\/\/cdnoticias.com\/index.php\/wp-json\/wp\/v2\/media?parent=139559"}],"wp:term":[{"taxonomy":"category","embeddable":true,"href":"https:\/\/cdnoticias.com\/index.php\/wp-json\/wp\/v2\/categories?post=139559"},{"taxonomy":"post_tag","embeddable":true,"href":"https:\/\/cdnoticias.com\/index.php\/wp-json\/wp\/v2\/tags?post=139559"}],"curies":[{"name":"wp","href":"https:\/\/api.w.org\/{rel}","templated":true}]}}