{"id":139552,"date":"2022-10-19T16:26:14","date_gmt":"2022-10-19T19:26:14","guid":{"rendered":"http:\/\/centraldeportes.com.ar\/?p=25185"},"modified":"2025-02-10T21:57:38","modified_gmt":"2025-02-11T00:57:38","slug":"torneo-clausura-mario-sebastian-esnal-la-sub15-tiene-finalistas","status":"publish","type":"post","link":"https:\/\/cdnoticias.com\/index.php\/2022\/10\/19\/torneo-clausura-mario-sebastian-esnal-la-sub15-tiene-finalistas\/","title":{"rendered":"Torneo Clausura \u201cMario Sebasti\u00e1n Esnal\u201d: la Sub15 tiene finalistas"},"content":{"rendered":"<p>En el campo de deportes del Parque Guerrero del Club Estudiantes, el pasado s\u00e1bado se jugaron las Semifinales de la categor\u00eda Sub15 del f\u00fatbol femenino y Racing y el CEF N\u00b044 lograron el pasaje a la final del segundo torneo del a\u00f1o.<\/p>\n<p>&nbsp;<\/p>\n<p>El segundo torneo del a\u00f1o para las mujeres organizado por la Liga de F\u00fatbol de Olavarr\u00eda tiene tambi\u00e9n a los finalistas en la categor\u00eda formativa.<\/p>\n<p>&nbsp;<\/p>\n<p>[soliloquy id=&#8221;25165&#8243;]<\/p>\n<p>&nbsp;<\/p>\n<p>Con actividad s\u00f3lo en la jornada sabatina por celebrarse el \u201cD\u00eda de la Madre\u201d durante el domingo, las inferiores tienen a los finalistas.<\/p>\n<p>&nbsp;<\/p>\n<p>Los resultados:<\/p>\n<p>Sub15:<br \/>\nEstudiantes 0 \u2013 1 (Luz Attad\u00eda) Racing. Racing finalista<br \/>\nCEF N\u00b044 2 (Mar\u00eda Aref y Evelyn Vivas) \u2013 1 (Abril Marin) Ferro. CEF N\u00b044 finalista<br \/>\nSierra Chica 2 (Ariana Aguirre y Valentina Aristegui) \u2013 0 Pueyrred\u00f3n. Sierra Chica fue 5\u00b0.<\/p>\n","protected":false},"excerpt":{"rendered":"<p>En el campo de deportes del Parque Guerrero del Club Estudiantes, el pasado s\u00e1bado se jugaron las Semifinales de la<\/p>\n","protected":false},"author":96739694,"featured_media":152838,"comment_status":"closed","ping_status":"closed","sticky":false,"template":"","format":"standard","meta":{"_jetpack_memberships_contains_paid_content":false,"footnotes":""},"categories":[47,35,1],"tags":[],"class_list":["post-139552","post","type-post","status-publish","format-standard","has-post-thumbnail","hentry","category-femenino","category-futbol","category-portada"],"jetpack_featured_media_url":"https:\/\/i0.wp.com\/cdnoticias.com\/wp-content\/uploads\/2022\/10\/fem-2.jpeg?fit=1280%2C853&ssl=1","jetpack_sharing_enabled":true,"_links":{"self":[{"href":"https:\/\/cdnoticias.com\/index.php\/wp-json\/wp\/v2\/posts\/139552","targetHints":{"allow":["GET"]}}],"collection":[{"href":"https:\/\/cdnoticias.com\/index.php\/wp-json\/wp\/v2\/posts"}],"about":[{"href":"https:\/\/cdnoticias.com\/index.php\/wp-json\/wp\/v2\/types\/post"}],"author":[{"embeddable":true,"href":"https:\/\/cdnoticias.com\/index.php\/wp-json\/wp\/v2\/users\/96739694"}],"replies":[{"embeddable":true,"href":"https:\/\/cdnoticias.com\/index.php\/wp-json\/wp\/v2\/comments?post=139552"}],"version-history":[{"count":0,"href":"https:\/\/cdnoticias.com\/index.php\/wp-json\/wp\/v2\/posts\/139552\/revisions"}],"wp:featuredmedia":[{"embeddable":true,"href":"https:\/\/cdnoticias.com\/index.php\/wp-json\/wp\/v2\/media\/152838"}],"wp:attachment":[{"href":"https:\/\/cdnoticias.com\/index.php\/wp-json\/wp\/v2\/media?parent=139552"}],"wp:term":[{"taxonomy":"category","embeddable":true,"href":"https:\/\/cdnoticias.com\/index.php\/wp-json\/wp\/v2\/categories?post=139552"},{"taxonomy":"post_tag","embeddable":true,"href":"https:\/\/cdnoticias.com\/index.php\/wp-json\/wp\/v2\/tags?post=139552"}],"curies":[{"name":"wp","href":"https:\/\/api.w.org\/{rel}","templated":true}]}}