{"id":139536,"date":"2022-10-17T19:22:15","date_gmt":"2022-10-17T22:22:15","guid":{"rendered":"http:\/\/centraldeportes.com.ar\/?p=25084"},"modified":"2025-02-10T21:51:03","modified_gmt":"2025-02-11T00:51:03","slug":"lucas-janson-abrio-el-marcador-en-la-goleada-de-velez-sarsfield","status":"publish","type":"post","link":"https:\/\/cdnoticias.com\/index.php\/2022\/10\/17\/lucas-janson-abrio-el-marcador-en-la-goleada-de-velez-sarsfield\/","title":{"rendered":"Lucas Janson abri\u00f3 el marcador en la goleada de V\u00e9lez Sarsfield"},"content":{"rendered":"<p>Con aporte del olavarriense, el \u201cFort\u00edn\u201d cerr\u00f3 su participaci\u00f3n de local en la Liga Profesional 2022 con goleada 4 a 0 sobre Estudiantes de La Plata.<!--more--><\/p>\n<hr \/>\n<p>En la continuidad de la <strong>ante\u00faltima fecha<\/strong> del Torneo de Primera Divisi\u00f3n, <strong>V\u00e9lez derrot\u00f3 por 4 a 0 a Estudiantes de La Plata en el Jos\u00e9 Amalfitani y logr\u00f3 su segunda victoria al hilo<\/strong> luego de su \u00faltima ca\u00edda ante San Lorenzo. <strong>Lucas Janson, de penal, abri\u00f3 la cuenta a los 37\u2019 para el conjunto de Liniers<\/strong> y m\u00e1s tarde en el segundo tiempo <strong>Abiel Osorio a los 72\u2019 y 85\u2019<\/strong>, y el lateral izquierdo <strong>Francisco Ortega a los 78\u2019<\/strong> <strong>concretaron la goleada para el \u201cVelezano\u201d<\/strong>.<\/p>\n<p>&nbsp;<\/p>\n<p><strong>El futbolista olavarriense comenz\u00f3 el encuentro de titular<\/strong> y sali\u00f3 reemplazado a los 81 minutos por M\u00e1ximo Perrone. Adem\u00e1s, con esta conquista, suma 3 goles en lo va del certamen \u2013 le convirti\u00f3 a Patronato, Banfield y ahora al \u201cPincha\u201d-.<\/p>\n<p>&nbsp;<\/p>\n<p>De esta forma, <strong>el V\u00e9lez de Lucas Janson lleg\u00f3 a los 43 puntos y ocupa el 24\u00b0 puesto de la tabla<\/strong>. El pr\u00f3ximo fin de semana, <strong>el equipo del \u201cCacique\u201d Medina afrontar\u00e1 la \u00faltima fecha del campeonato ante Argentinos Juniors<\/strong> en La Paternal.<\/p>\n<p>&nbsp;<\/p>\n<p>Foto: <strong>V\u00e9lez Sarsfield Oficial<\/strong>.<\/p>\n<p>&nbsp;<\/p>\n<h6><strong>La apertura del marcador en los pies de Janson<\/strong><\/h6>\n<blockquote class=\"twitter-tweet\" data-width=\"550\" data-dnt=\"true\">\n<p lang=\"es\" dir=\"ltr\">\u00a1Arriba el Fort\u00edn! Lucas Janson cruz\u00f3 el penal y marc\u00f3 el 1-0 de V\u00e9lez sobre Estudiantes.<a href=\"https:\/\/twitter.com\/hashtag\/LPFxTNTSports?src=hash&amp;ref_src=twsrc%5Etfw\">#LPFxTNTSports<\/a> <a href=\"https:\/\/t.co\/ndJGZF8WAY\">pic.twitter.com\/ndJGZF8WAY<\/a><\/p>\n<p>&mdash; TNT Sports Argentina (@TNTSportsAR) <a href=\"https:\/\/twitter.com\/TNTSportsAR\/status\/1582104083351339008?ref_src=twsrc%5Etfw\">October 17, 2022<\/a><\/p><\/blockquote>\n<p><script async src=\"https:\/\/platform.twitter.com\/widgets.js\" charset=\"utf-8\"><\/script><\/p>\n","protected":false},"excerpt":{"rendered":"<p>Con aporte del olavarriense, el \u201cFort\u00edn\u201d cerr\u00f3 su participaci\u00f3n de local en la Liga Profesional 2022 con goleada 4 a<\/p>\n","protected":false},"author":96739694,"featured_media":152594,"comment_status":"closed","ping_status":"closed","sticky":false,"template":"","format":"standard","meta":{"_jetpack_memberships_contains_paid_content":false,"footnotes":""},"categories":[35,37,1],"tags":[],"class_list":["post-139536","post","type-post","status-publish","format-standard","has-post-thumbnail","hentry","category-futbol","category-futbol-profesional","category-portada"],"jetpack_featured_media_url":"https:\/\/i0.wp.com\/cdnoticias.com\/wp-content\/uploads\/2022\/10\/Lucas-Janson-vs-EDLP-e1666044983906.jpg?fit=1638%2C1249&ssl=1","jetpack_sharing_enabled":true,"_links":{"self":[{"href":"https:\/\/cdnoticias.com\/index.php\/wp-json\/wp\/v2\/posts\/139536","targetHints":{"allow":["GET"]}}],"collection":[{"href":"https:\/\/cdnoticias.com\/index.php\/wp-json\/wp\/v2\/posts"}],"about":[{"href":"https:\/\/cdnoticias.com\/index.php\/wp-json\/wp\/v2\/types\/post"}],"author":[{"embeddable":true,"href":"https:\/\/cdnoticias.com\/index.php\/wp-json\/wp\/v2\/users\/96739694"}],"replies":[{"embeddable":true,"href":"https:\/\/cdnoticias.com\/index.php\/wp-json\/wp\/v2\/comments?post=139536"}],"version-history":[{"count":0,"href":"https:\/\/cdnoticias.com\/index.php\/wp-json\/wp\/v2\/posts\/139536\/revisions"}],"wp:featuredmedia":[{"embeddable":true,"href":"https:\/\/cdnoticias.com\/index.php\/wp-json\/wp\/v2\/media\/152594"}],"wp:attachment":[{"href":"https:\/\/cdnoticias.com\/index.php\/wp-json\/wp\/v2\/media?parent=139536"}],"wp:term":[{"taxonomy":"category","embeddable":true,"href":"https:\/\/cdnoticias.com\/index.php\/wp-json\/wp\/v2\/categories?post=139536"},{"taxonomy":"post_tag","embeddable":true,"href":"https:\/\/cdnoticias.com\/index.php\/wp-json\/wp\/v2\/tags?post=139536"}],"curies":[{"name":"wp","href":"https:\/\/api.w.org\/{rel}","templated":true}]}}