{"id":139503,"date":"2022-10-14T00:57:53","date_gmt":"2022-10-14T03:57:53","guid":{"rendered":"http:\/\/centraldeportes.com.ar\/?p=24836"},"modified":"2025-02-10T21:25:23","modified_gmt":"2025-02-11T00:25:23","slug":"la-seleccion-sub-15-de-olavarria-quedo-eliminada-del-clasificatorio","status":"publish","type":"post","link":"https:\/\/cdnoticias.com\/index.php\/2022\/10\/14\/la-seleccion-sub-15-de-olavarria-quedo-eliminada-del-clasificatorio\/","title":{"rendered":"La Selecci\u00f3n Sub 15 de Olavarr\u00eda qued\u00f3 eliminada del Clasificatorio"},"content":{"rendered":"<p>Cay\u00f3 por 4 a 0 frente al combinado de Tandil en el marco de la \u00faltima fecha del Torneo Clasificatorio de Selecciones organizado por la Federaci\u00f3n Bonaerense Pampeana.<!--more--><\/p>\n<hr \/>\n<p>En la noche de este jueves <strong>la categor\u00eda Sub 15 de Racing, en representaci\u00f3n de la Liga de F\u00fatbol de Olavarr\u00eda, se present\u00f3 la ciudad de las Sierras para afrontar la \u00faltima fecha del Regional Clasificatorio<\/strong> en un mano a mano con la Selecci\u00f3n de Tandil (ambos l\u00edderes de su Zona con 7 puntos).<\/p>\n<p>&nbsp;<\/p>\n<p>En un partido que se les hizo muy cuesta arriba de entrada,<strong> la Selecci\u00f3n de Olavarr\u00eda cay\u00f3 goleada por 4 a 0 ante Tandil en el estadio General San Mart\u00edn<\/strong>. <strong>Bautista Larraburu<\/strong> en dos oportunidades, <strong>Bruno Chidichimo y Bautisa Migueltorena<\/strong> anotaron los goles para el combinado tandilense.<\/p>\n<p>&nbsp;<\/p>\n<figure id=\"attachment_24838\" aria-describedby=\"caption-attachment-24838\" style=\"width: 1280px\" class=\"wp-caption aligncenter\"><img data-recalc-dims=\"1\" loading=\"lazy\" decoding=\"async\" class=\"wp-image-24838 size-full\" src=\"https:\/\/i0.wp.com\/centraldeportes.com.ar\/wp-content\/uploads\/2022\/10\/Tandil-Olava-Sub-15.jpeg?resize=800%2C533\" alt=\"\" width=\"800\" height=\"533\" \/><figcaption id=\"caption-attachment-24838\" class=\"wp-caption-text\">Fue la \u00fanica derrota de la Selecci\u00f3n Sub 15 en el certamen<\/figcaption><\/figure>\n<p>&nbsp;<\/p>\n<p>Con esta derrota, el conjunto olavarriense se despidi\u00f3 del Torneo de Selecciones a diferencia de Tandil que avanz\u00f3 a semifinales y en la pr\u00f3xima instancia se medir\u00e1 ante Santa Rosa.<\/p>\n<p>&nbsp;<\/p>\n<p>Fotos: <strong>El Eco de Tandil<\/strong>.<\/p>\n<p>&nbsp;<\/p>\n<p>S\u00edntesis Tandil \u2013 Olavarr\u00eda:<\/p>\n<p><strong>Tandil (4): <\/strong>Mat\u00edas Berestain; Felipe Milesi (G. Girollet), Baltazar Anselmi, Tom\u00e1s Nasello, Camilo L\u00f3pez; Bautista Migueltorena (B. Sequeira), Bruno Chidichimo, Benjam\u00edn D\u00edaz, Neri Carmona (B. Funes); Mat\u00edas N\u00fa\u00f1ez (T. Ijurco); y Bautista Larraburu (T. Bournnissen). DT: Ezequiel Andolfatti.<\/p>\n<p><strong>Olavarr\u00eda (0):<\/strong> Juan Mart\u00ednez (L. Alfonso); Joe Fern\u00e1ndez, Lautaro Gallo (N. Loza Torres), Alexis Mourlas y Lucas Brun (J. Santell\u00e1n); Gonzalo Duarte, Axel Sal\u00edas Paz (J. Galizio), Mat\u00edas Desch, Agust\u00edn Pandini (E. Trejo); Dami\u00e1n Dolezor y Thiago Z\u00e1rate. DT: Carlos Tavare.<\/p>\n<p><strong>Goles:<\/strong> 3m. PT y 20m. ST Bautista Larraburu, 5m. ST Bruno Chidichimo \u2013 p \u2013 y 14m. ST Bautista Migueltorena (T).<\/p>\n<p><strong>Expulsados:<\/strong> 38m. ST Enzo Trejo (O).<\/p>\n<p><strong>\u00c1rbitro:<\/strong> Dalma Cortadi (Tres Arroyos). <strong>Estadio:<\/strong> San Mart\u00edn.<\/p>\n","protected":false},"excerpt":{"rendered":"<p>Cay\u00f3 por 4 a 0 frente al combinado de Tandil en el marco de la \u00faltima fecha del Torneo Clasificatorio<\/p>\n","protected":false},"author":96739694,"featured_media":152164,"comment_status":"closed","ping_status":"closed","sticky":false,"template":"","format":"standard","meta":{"_jetpack_memberships_contains_paid_content":false,"footnotes":""},"categories":[35,40,1],"tags":[],"class_list":["post-139503","post","type-post","status-publish","format-standard","has-post-thumbnail","hentry","category-futbol","category-inferiores","category-portada"],"jetpack_featured_media_url":"https:\/\/i0.wp.com\/cdnoticias.com\/wp-content\/uploads\/2022\/10\/Tandil-Olavarria-Sub-15.jpeg?fit=1280%2C838&ssl=1","jetpack_sharing_enabled":true,"_links":{"self":[{"href":"https:\/\/cdnoticias.com\/index.php\/wp-json\/wp\/v2\/posts\/139503","targetHints":{"allow":["GET"]}}],"collection":[{"href":"https:\/\/cdnoticias.com\/index.php\/wp-json\/wp\/v2\/posts"}],"about":[{"href":"https:\/\/cdnoticias.com\/index.php\/wp-json\/wp\/v2\/types\/post"}],"author":[{"embeddable":true,"href":"https:\/\/cdnoticias.com\/index.php\/wp-json\/wp\/v2\/users\/96739694"}],"replies":[{"embeddable":true,"href":"https:\/\/cdnoticias.com\/index.php\/wp-json\/wp\/v2\/comments?post=139503"}],"version-history":[{"count":0,"href":"https:\/\/cdnoticias.com\/index.php\/wp-json\/wp\/v2\/posts\/139503\/revisions"}],"wp:featuredmedia":[{"embeddable":true,"href":"https:\/\/cdnoticias.com\/index.php\/wp-json\/wp\/v2\/media\/152164"}],"wp:attachment":[{"href":"https:\/\/cdnoticias.com\/index.php\/wp-json\/wp\/v2\/media?parent=139503"}],"wp:term":[{"taxonomy":"category","embeddable":true,"href":"https:\/\/cdnoticias.com\/index.php\/wp-json\/wp\/v2\/categories?post=139503"},{"taxonomy":"post_tag","embeddable":true,"href":"https:\/\/cdnoticias.com\/index.php\/wp-json\/wp\/v2\/tags?post=139503"}],"curies":[{"name":"wp","href":"https:\/\/api.w.org\/{rel}","templated":true}]}}