{"id":1395,"date":"2020-09-11T20:06:16","date_gmt":"2020-09-11T23:06:16","guid":{"rendered":"http:\/\/www.centraldenoticias.com.ar\/?p=1395"},"modified":"2020-09-11T20:06:16","modified_gmt":"2020-09-11T23:06:16","slug":"policia-federal-dono-una-heladera-a-la-escuela-n-25-de-loma-negra","status":"publish","type":"post","link":"https:\/\/cdnoticias.com\/index.php\/2020\/09\/11\/policia-federal-dono-una-heladera-a-la-escuela-n-25-de-loma-negra\/","title":{"rendered":"Polic\u00eda Federal don\u00f3 una heladera a la Escuela N\u00b0 25 de Loma Negra"},"content":{"rendered":"<p>El gesto se enmarc\u00f3 tanto en la conmemoraci\u00f3n del D\u00eda del Maestro como en el programa institucional de padrinazgo de escuela que se lleva a cabo desde la Polic\u00eda Federal. <strong>Tambi\u00e9n se le entreg\u00f3 un reconocimiento a la directora de la instituci\u00f3n.<\/strong><\/p>\n<hr \/>\n<p>&nbsp;<\/p>\n<p>En la jornada de este viernes <strong>la subdelegaci\u00f3n local de la polic\u00eda Federal hizo entrega de una heladera a la Escuela de Educaci\u00f3n Primaria N\u00b0 25 \u201cLuciano Fortabat\u201d<\/strong>, ubicada en las cercan\u00edas de Loma Negra, en el marco del programa institucional de padrinazgo de instituciones educativas que se lleva a cabo desde esa fuerza.<\/p>\n<p>&nbsp;<\/p>\n<p><img data-recalc-dims=\"1\" loading=\"lazy\" decoding=\"async\" class=\"alignnone size-large wp-image-1398\" src=\"https:\/\/i0.wp.com\/cdnoticias.com\/wp-content\/uploads\/2020\/09\/WhatsApp-Image-2020-09-11-at-18.57.07.jpeg?resize=800%2C600&#038;ssl=1\" alt=\"\" width=\"800\" height=\"600\" srcset=\"https:\/\/i0.wp.com\/cdnoticias.com\/wp-content\/uploads\/2020\/09\/WhatsApp-Image-2020-09-11-at-18.57.07.jpeg?resize=1024%2C768&amp;ssl=1 1024w, https:\/\/i0.wp.com\/cdnoticias.com\/wp-content\/uploads\/2020\/09\/WhatsApp-Image-2020-09-11-at-18.57.07.jpeg?resize=300%2C225&amp;ssl=1 300w, https:\/\/i0.wp.com\/cdnoticias.com\/wp-content\/uploads\/2020\/09\/WhatsApp-Image-2020-09-11-at-18.57.07.jpeg?resize=768%2C576&amp;ssl=1 768w, https:\/\/i0.wp.com\/cdnoticias.com\/wp-content\/uploads\/2020\/09\/WhatsApp-Image-2020-09-11-at-18.57.07.jpeg?w=1280&amp;ssl=1 1280w\" sizes=\"auto, (max-width: 800px) 100vw, 800px\" \/><\/p>\n<p>&nbsp;<\/p>\n<p>La actividad, que se vio enmarcada tambi\u00e9n en la conmemoraci\u00f3n del D\u00eda del Maestro, fue encabezada por el titular de la subdelegaci\u00f3n local, el subcomisario Claudio Mart\u00edn Leyes, y la directora del establecimiento, la docente Marta Clar, a quien tambi\u00e9n se le <strong>entreg\u00f3 un reconocimiento por su \u201cardua y honor\u00edfica profesi\u00f3n\u201d, tal cual se enfatiz\u00f3 desde la polic\u00eda Federal.<\/strong><\/p>\n<p>&nbsp;<\/p>\n<p><img data-recalc-dims=\"1\" loading=\"lazy\" decoding=\"async\" class=\"alignnone size-large wp-image-1397\" src=\"https:\/\/i0.wp.com\/cdnoticias.com\/wp-content\/uploads\/2020\/09\/WhatsApp-Image-2020-09-11-at-18.57.07-1.jpeg?resize=800%2C450&#038;ssl=1\" alt=\"\" width=\"800\" height=\"450\" srcset=\"https:\/\/i0.wp.com\/cdnoticias.com\/wp-content\/uploads\/2020\/09\/WhatsApp-Image-2020-09-11-at-18.57.07-1.jpeg?resize=1024%2C576&amp;ssl=1 1024w, https:\/\/i0.wp.com\/cdnoticias.com\/wp-content\/uploads\/2020\/09\/WhatsApp-Image-2020-09-11-at-18.57.07-1.jpeg?resize=300%2C169&amp;ssl=1 300w, https:\/\/i0.wp.com\/cdnoticias.com\/wp-content\/uploads\/2020\/09\/WhatsApp-Image-2020-09-11-at-18.57.07-1.jpeg?resize=768%2C432&amp;ssl=1 768w, https:\/\/i0.wp.com\/cdnoticias.com\/wp-content\/uploads\/2020\/09\/WhatsApp-Image-2020-09-11-at-18.57.07-1.jpeg?w=1280&amp;ssl=1 1280w\" sizes=\"auto, (max-width: 800px) 100vw, 800px\" \/><\/p>\n<p>&nbsp;<\/p>\n<p>Vale destacar que desde la Subdelegaci\u00f3n local ya se han hecho varias iniciativa de estas caracter\u00edsticas para con esta escuela que apadrinan, todo con el objetivo de acompa\u00f1ar a la comunidad educativa de la instituci\u00f3n. En ese sentido, se a\u00f1adi\u00f3 que <strong>la entrega de una heladera con freezer fue, precisamente, para \u201csatisfacer una de las necesidades del establecimiento\u201d.\u00a0<\/strong>Por \u00faltimo, se precis\u00f3 que el subcomisario Mart\u00edn Leyes dedic\u00f3 una sentidas palabras a la docente local, <strong>con motivo de reconocer, con admiraci\u00f3n y respeto, la dedicaci\u00f3n y amor a la labor.<\/strong><\/p>\n<p>&nbsp;<\/p>\n","protected":false},"excerpt":{"rendered":"<p>El gesto se enmarc\u00f3 tanto en la conmemoraci\u00f3n del D\u00eda del Maestro como en el programa institucional de padrinazgo de<\/p>\n","protected":false},"author":3,"featured_media":1396,"comment_status":"closed","ping_status":"closed","sticky":false,"template":"","format":"standard","meta":{"_jetpack_memberships_contains_paid_content":false,"footnotes":""},"categories":[1],"tags":[],"class_list":["post-1395","post","type-post","status-publish","format-standard","has-post-thumbnail","hentry","category-portada"],"jetpack_featured_media_url":"https:\/\/i0.wp.com\/cdnoticias.com\/wp-content\/uploads\/2020\/09\/WhatsApp-Image-2020-09-11-at-18.57.07-2.jpeg?fit=1280%2C720&ssl=1","jetpack_sharing_enabled":true,"_links":{"self":[{"href":"https:\/\/cdnoticias.com\/index.php\/wp-json\/wp\/v2\/posts\/1395","targetHints":{"allow":["GET"]}}],"collection":[{"href":"https:\/\/cdnoticias.com\/index.php\/wp-json\/wp\/v2\/posts"}],"about":[{"href":"https:\/\/cdnoticias.com\/index.php\/wp-json\/wp\/v2\/types\/post"}],"author":[{"embeddable":true,"href":"https:\/\/cdnoticias.com\/index.php\/wp-json\/wp\/v2\/users\/3"}],"replies":[{"embeddable":true,"href":"https:\/\/cdnoticias.com\/index.php\/wp-json\/wp\/v2\/comments?post=1395"}],"version-history":[{"count":0,"href":"https:\/\/cdnoticias.com\/index.php\/wp-json\/wp\/v2\/posts\/1395\/revisions"}],"wp:featuredmedia":[{"embeddable":true,"href":"https:\/\/cdnoticias.com\/index.php\/wp-json\/wp\/v2\/media\/1396"}],"wp:attachment":[{"href":"https:\/\/cdnoticias.com\/index.php\/wp-json\/wp\/v2\/media?parent=1395"}],"wp:term":[{"taxonomy":"category","embeddable":true,"href":"https:\/\/cdnoticias.com\/index.php\/wp-json\/wp\/v2\/categories?post=1395"},{"taxonomy":"post_tag","embeddable":true,"href":"https:\/\/cdnoticias.com\/index.php\/wp-json\/wp\/v2\/tags?post=1395"}],"curies":[{"name":"wp","href":"https:\/\/api.w.org\/{rel}","templated":true}]}}