{"id":139499,"date":"2022-10-13T18:10:44","date_gmt":"2022-10-13T21:10:44","guid":{"rendered":"http:\/\/centraldeportes.com.ar\/?p=24793"},"modified":"2025-02-10T21:42:44","modified_gmt":"2025-02-11T00:42:44","slug":"el-carbonero-sumo-a-martin-michel","status":"publish","type":"post","link":"https:\/\/cdnoticias.com\/index.php\/2022\/10\/13\/el-carbonero-sumo-a-martin-michel\/","title":{"rendered":"El \u201cCarbonero\u201d sum\u00f3 a Mart\u00edn Michel"},"content":{"rendered":"<p>El delantero tandilense llega a pr\u00e9stamo de Santamarina para disputar el Torneo Regional Amateur 2022-2023.<!--more--><\/p>\n<hr \/>\n<p>A tres d\u00edas de su debut, <strong>Ferro se mantiene en el mercado y contin\u00faa reforzando el plantel<\/strong> para disputar la pr\u00f3xima edici\u00f3n del Regional Amateur. <strong>En las \u00faltimas horas de este jueves, el \u201cCarbonero\u201d acord\u00f3 la llegada del experimentado delantero de 39 a\u00f1os Mart\u00edn Michel<\/strong>.<\/p>\n<p>&nbsp;<\/p>\n<p><strong>El tandilense, quien previamente renov\u00f3 su v\u00ednculo con Santamarina<\/strong> \u2013 recientemente descendido de la Primera Nacional\u2013 <strong>llega cedido a Ferro para disputar el certamen y luego volver\u00e1 al \u201cSanta\u201d para disputar el Torneo Federal A 2023<\/strong>. El delantero supo vestir tambi\u00e9n las camisetas de Grupo Universitario de Tandil, Quilmes, Gimnasia y Esgrima de Jujuy, Universitario de Sucre, entre otros.<\/p>\n<p>&nbsp;<\/p>\n<p>Gran refuerzo sell\u00f3 <strong>el \u201cCarbonero\u201d, que estar\u00e1 debutando el pr\u00f3ximo domingo frente a Bancario de Daireaux<\/strong> por la primera fecha de la Zona 6 de la Regi\u00f3n Pampeana Sur.<\/p>\n<p>&nbsp;<\/p>\n<p>Foto: <strong>Fabi\u00e1n Casanella<\/strong>.<\/p>\n","protected":false},"excerpt":{"rendered":"<p>El delantero tandilense llega a pr\u00e9stamo de Santamarina para disputar el Torneo Regional Amateur 2022-2023.<\/p>\n","protected":false},"author":96739694,"featured_media":152319,"comment_status":"closed","ping_status":"closed","sticky":false,"template":"","format":"standard","meta":{"_jetpack_memberships_contains_paid_content":false,"footnotes":""},"categories":[35,1,54],"tags":[],"class_list":["post-139499","post","type-post","status-publish","format-standard","has-post-thumbnail","hentry","category-futbol","category-portada","category-torneo-regional-amateur"],"jetpack_featured_media_url":"https:\/\/i0.wp.com\/cdnoticias.com\/wp-content\/uploads\/2022\/10\/WhatsApp-Image-2022-10-13-at-18.12.35-1-e1665696505761.jpeg?fit=719%2C493&ssl=1","jetpack_sharing_enabled":true,"_links":{"self":[{"href":"https:\/\/cdnoticias.com\/index.php\/wp-json\/wp\/v2\/posts\/139499","targetHints":{"allow":["GET"]}}],"collection":[{"href":"https:\/\/cdnoticias.com\/index.php\/wp-json\/wp\/v2\/posts"}],"about":[{"href":"https:\/\/cdnoticias.com\/index.php\/wp-json\/wp\/v2\/types\/post"}],"author":[{"embeddable":true,"href":"https:\/\/cdnoticias.com\/index.php\/wp-json\/wp\/v2\/users\/96739694"}],"replies":[{"embeddable":true,"href":"https:\/\/cdnoticias.com\/index.php\/wp-json\/wp\/v2\/comments?post=139499"}],"version-history":[{"count":0,"href":"https:\/\/cdnoticias.com\/index.php\/wp-json\/wp\/v2\/posts\/139499\/revisions"}],"wp:featuredmedia":[{"embeddable":true,"href":"https:\/\/cdnoticias.com\/index.php\/wp-json\/wp\/v2\/media\/152319"}],"wp:attachment":[{"href":"https:\/\/cdnoticias.com\/index.php\/wp-json\/wp\/v2\/media?parent=139499"}],"wp:term":[{"taxonomy":"category","embeddable":true,"href":"https:\/\/cdnoticias.com\/index.php\/wp-json\/wp\/v2\/categories?post=139499"},{"taxonomy":"post_tag","embeddable":true,"href":"https:\/\/cdnoticias.com\/index.php\/wp-json\/wp\/v2\/tags?post=139499"}],"curies":[{"name":"wp","href":"https:\/\/api.w.org\/{rel}","templated":true}]}}