{"id":139485,"date":"2022-10-12T14:08:51","date_gmt":"2022-10-12T17:08:51","guid":{"rendered":"http:\/\/centraldeportes.com.ar\/?p=24712"},"modified":"2025-02-11T13:27:37","modified_gmt":"2025-02-11T16:27:37","slug":"el-feriado-en-la-pista-humberto-corradi-fue-para-nicolas-jaime","status":"publish","type":"post","link":"https:\/\/cdnoticias.com\/index.php\/2022\/10\/12\/el-feriado-en-la-pista-humberto-corradi-fue-para-nicolas-jaime\/","title":{"rendered":"El feriado en la pista \u201cHumberto Corradi\u201d fue para Nicol\u00e1s Jaime"},"content":{"rendered":"<p>El pasado lunes, aprovechando el feriado hubo festival en la pista municipal \u201cHumberto Corradi\u201d y en la categor\u00eda principal el triunfo fue para Nicol\u00e1s Jaime.<\/p>\n<p><!--more--><\/p>\n<hr \/>\n<p>M\u00e1s de un centenar de ciclistas dijeron presente en un nuevo evento organizado por la Uni\u00f3n de Ciclistas Olavarrienses y en la categor\u00eda Libre el triunfo correspondi\u00f3 a Nicol\u00e1s Jaime. El ganador fue escoltado por Mariano Larraz, Juan Bonz\u00f3n, Dami\u00e1n Almir\u00f3n y Jonathan Manno.<\/p>\n<p>&nbsp;<\/p>\n<p>Adem\u00e1s hubo competencia en diversas categor\u00edas en la agradable jornada del lunes pasado.<\/p>\n<p>&nbsp;<\/p>\n<p>[soliloquy id=&#8221;24713&#8243;]<\/p>\n<p>&nbsp;<\/p>\n<p>Los resultados:<\/p>\n<p>Inactivos<br \/>\n1\u00b0 Carlos Ortiz<br \/>\n2\u00b0 Walter Brun<br \/>\n3\u00b0 Bautista Vales<br \/>\n4\u00b0 Vicente Marcelo<br \/>\n5\u00b0 Mart\u00edn Pihuel<\/p>\n<p>Promocionales<br \/>\n1\u00b0 El\u00edas P\u00e9rez<br \/>\n2\u00b0 Jorge Maldonado<br \/>\n3\u00b0 Adri\u00e1n Castro<br \/>\n4\u00b0 Nicol\u00e1s Olalde<br \/>\n5\u00b0 Cristian Ortiz<\/p>\n<p>Damas<br \/>\n1\u00b0 Candela Olalde<br \/>\n2\u00b0 Valentina Oliv\u00e1n<br \/>\n3\u00b0 Cielo Randazzo<\/p>\n<p>M\u00e1ster D<br \/>\n1\u00b0 Francisco Posse<br \/>\n2\u00b0 Carlos Tolosa<br \/>\n3\u00b0 Roberto Hern\u00e1ndez<br \/>\n4\u00b0 Carlos P\u00e9rez<br \/>\n5\u00b0 Hugo Santill\u00e1n<\/p>\n<p>M\u00e1ster C<br \/>\n1\u00b0 Oscar Valetutto<br \/>\n2\u00b0 Rafael Erripa<br \/>\n3\u00b0 Walter Benito<br \/>\n4\u00b0 Jorge Bustamante<br \/>\n5\u00b0 Gustavo Pallero<\/p>\n<p>M\u00e1ster B<br \/>\n1\u00b0 Esteban Rold\u00e1n<br \/>\n2\u00b0 Federico G\u00f3mez<br \/>\n3\u00b0 Pablo Fioritti<br \/>\n4\u00b0 Marcos Sosa<br \/>\n5\u00b0Marcelo Borneo<\/p>\n<p>Libres<br \/>\n1\u00b0 Nicol\u00e1s Jaime<br \/>\n2\u00b0 Mariano Larraz<br \/>\n3\u00b0 Juan Bonz\u00f3n<br \/>\n4\u00b0 Dami\u00e1n Almir\u00f3n<br \/>\n5\u00b0 Jonathan Manno<\/p>\n","protected":false},"excerpt":{"rendered":"<p>El pasado lunes, aprovechando el feriado hubo festival en la pista municipal \u201cHumberto Corradi\u201d y en la categor\u00eda principal el<\/p>\n","protected":false},"author":96739694,"featured_media":153885,"comment_status":"closed","ping_status":"closed","sticky":false,"template":"","format":"standard","meta":{"_jetpack_memberships_contains_paid_content":false,"footnotes":""},"categories":[30,1],"tags":[],"class_list":["post-139485","post","type-post","status-publish","format-standard","has-post-thumbnail","hentry","category-polideportivo","category-portada"],"jetpack_featured_media_url":"https:\/\/i0.wp.com\/cdnoticias.com\/wp-content\/uploads\/2022\/10\/ciclismo-13.jpeg?fit=1500%2C1000&ssl=1","jetpack_sharing_enabled":true,"_links":{"self":[{"href":"https:\/\/cdnoticias.com\/index.php\/wp-json\/wp\/v2\/posts\/139485","targetHints":{"allow":["GET"]}}],"collection":[{"href":"https:\/\/cdnoticias.com\/index.php\/wp-json\/wp\/v2\/posts"}],"about":[{"href":"https:\/\/cdnoticias.com\/index.php\/wp-json\/wp\/v2\/types\/post"}],"author":[{"embeddable":true,"href":"https:\/\/cdnoticias.com\/index.php\/wp-json\/wp\/v2\/users\/96739694"}],"replies":[{"embeddable":true,"href":"https:\/\/cdnoticias.com\/index.php\/wp-json\/wp\/v2\/comments?post=139485"}],"version-history":[{"count":0,"href":"https:\/\/cdnoticias.com\/index.php\/wp-json\/wp\/v2\/posts\/139485\/revisions"}],"wp:featuredmedia":[{"embeddable":true,"href":"https:\/\/cdnoticias.com\/index.php\/wp-json\/wp\/v2\/media\/153885"}],"wp:attachment":[{"href":"https:\/\/cdnoticias.com\/index.php\/wp-json\/wp\/v2\/media?parent=139485"}],"wp:term":[{"taxonomy":"category","embeddable":true,"href":"https:\/\/cdnoticias.com\/index.php\/wp-json\/wp\/v2\/categories?post=139485"},{"taxonomy":"post_tag","embeddable":true,"href":"https:\/\/cdnoticias.com\/index.php\/wp-json\/wp\/v2\/tags?post=139485"}],"curies":[{"name":"wp","href":"https:\/\/api.w.org\/{rel}","templated":true}]}}