{"id":13947,"date":"2021-02-17T11:44:55","date_gmt":"2021-02-17T14:44:55","guid":{"rendered":"http:\/\/www.centraldenoticias.com.ar\/?p=13947"},"modified":"2021-02-17T11:51:48","modified_gmt":"2021-02-17T14:51:48","slug":"estamos-iniciando-la-fase-de-vacunacion-masiva-de-la-provincia","status":"publish","type":"post","link":"https:\/\/cdnoticias.com\/index.php\/2021\/02\/17\/estamos-iniciando-la-fase-de-vacunacion-masiva-de-la-provincia\/","title":{"rendered":"\u201cEstamos iniciando la fase de vacunaci\u00f3n masiva de la provincia\u201d"},"content":{"rendered":"<p>Lo dijo el gobernador Kicillof este mi\u00e9rcoles. Se mantiene en baja la cantidad de casos de Covid. La llegada de 232 mil dosis de la vacuna de Astrazeneca. El inicio de clases presenciales.<!--more--><\/p>\n<hr \/>\n<p>Desde La Plata el gobernador Axel Kicillof junto al ministro de Salud, Daniel Goll\u00e1n, y la directora de Educaci\u00f3n, Agustina Vila, brindaron la <strong>conferencia de prensa semanal en la que se expone la situaci\u00f3n sanitaria bonaerense<\/strong> en el marco de pandemia.<\/p>\n<p><strong>El mandatario resalt\u00f3 la llegada de la vacuna de Astrazeneca al pa\u00eds<\/strong> y su implicancia para el avance de la vacunaci\u00f3n, al tiempo que elogi\u00f3 los buenos resultados de la temporada tur\u00edstica -dijo que 779 mil personas vacacionaron en destinos bonaerenses este fin de semana largo- y desarroll\u00f3 sobre el inicio de la presencialidad educativa.<\/p>\n<p><strong>\u201cLa evoluci\u00f3n de la pandemia nos encuentra en la quinta semana consecutiva de reducci\u00f3n de casos\u201d<\/strong> destac\u00f3 el Gobernador despu\u00e9s de que Goll\u00e1n ahondara en detalles sobre la ca\u00edda del promedio de casos que baj\u00f3 a 2.700 la semana pasada. \u201cHay que cuidarse y mucho m\u00e1s ahora que est\u00e1 la vacuna\u201d se\u00f1al\u00f3 Kicillof.<\/p>\n<p><img data-recalc-dims=\"1\" loading=\"lazy\" decoding=\"async\" class=\"aligncenter wp-image-13955 size-full\" src=\"https:\/\/i0.wp.com\/cdnoticias.com\/wp-content\/uploads\/2021\/02\/conferencia-kicillof-covid-02.jpg?resize=800%2C445&#038;ssl=1\" alt=\"\" width=\"800\" height=\"445\" srcset=\"https:\/\/i0.wp.com\/cdnoticias.com\/wp-content\/uploads\/2021\/02\/conferencia-kicillof-covid-02.jpg?w=800&amp;ssl=1 800w, https:\/\/i0.wp.com\/cdnoticias.com\/wp-content\/uploads\/2021\/02\/conferencia-kicillof-covid-02.jpg?resize=300%2C167&amp;ssl=1 300w, https:\/\/i0.wp.com\/cdnoticias.com\/wp-content\/uploads\/2021\/02\/conferencia-kicillof-covid-02.jpg?resize=768%2C427&amp;ssl=1 768w\" sizes=\"auto, (max-width: 800px) 100vw, 800px\" \/><\/p>\n<p><strong>Vacunaci\u00f3n<\/strong><\/p>\n<p>En la provincia <strong>se han anotado unos 181 mil trabajadores de la salud para recibir la vacuna contra el Covid<\/strong> de los cuales hay hasta hoy 143 mil vacunados. \u201cEstamos muy cerca de vacunar a todo el universo de los trabajadores y trabajadoras de la salud que desean hacerlo\u201d se\u00f1al\u00f3. <strong>En total se han anotado 2.357.000 bonaerenses.<\/strong><\/p>\n<p>\u201cLa novedad es que <a href=\"https:\/\/cdnoticias.com\/index.php\/2021\/02\/17\/llegaron-a-argentina-580-mil-vacunas-de-oxford-y-astrazeneca\/\" target=\"_blank\" rel=\"noopener\">han llegado m\u00e1s vacunas y en un volumen muy superior<\/a> al que ocurr\u00eda. <strong>Estamos ante una remesa de un mill\u00f3n de vacunas para Argentina<\/strong>, entre Sputnik y Astrazeneca. Tenemos una tarea importante de aplicarlas, y para la Provincia es un desaf\u00edo porque somos el 40% de la poblaci\u00f3n\u201d dijo Kicillof.<\/p>\n<p><img data-recalc-dims=\"1\" loading=\"lazy\" decoding=\"async\" class=\"alignnone wp-image-13956\" src=\"https:\/\/i0.wp.com\/cdnoticias.com\/wp-content\/uploads\/2021\/02\/conferencia-kicillof-covid-06.jpg?resize=400%2C223&#038;ssl=1\" alt=\"\" width=\"400\" height=\"223\" srcset=\"https:\/\/i0.wp.com\/cdnoticias.com\/wp-content\/uploads\/2021\/02\/conferencia-kicillof-covid-06.jpg?resize=300%2C167&amp;ssl=1 300w, https:\/\/i0.wp.com\/cdnoticias.com\/wp-content\/uploads\/2021\/02\/conferencia-kicillof-covid-06.jpg?resize=768%2C427&amp;ssl=1 768w, https:\/\/i0.wp.com\/cdnoticias.com\/wp-content\/uploads\/2021\/02\/conferencia-kicillof-covid-06.jpg?w=800&amp;ssl=1 800w\" sizes=\"auto, (max-width: 400px) 100vw, 400px\" \/>\u00a0<img data-recalc-dims=\"1\" loading=\"lazy\" decoding=\"async\" class=\"alignnone wp-image-13957\" src=\"https:\/\/i0.wp.com\/cdnoticias.com\/wp-content\/uploads\/2021\/02\/conferencia-kicillof-covid-07.jpg?resize=400%2C223&#038;ssl=1\" alt=\"\" width=\"400\" height=\"223\" srcset=\"https:\/\/i0.wp.com\/cdnoticias.com\/wp-content\/uploads\/2021\/02\/conferencia-kicillof-covid-07.jpg?resize=300%2C167&amp;ssl=1 300w, https:\/\/i0.wp.com\/cdnoticias.com\/wp-content\/uploads\/2021\/02\/conferencia-kicillof-covid-07.jpg?resize=768%2C427&amp;ssl=1 768w, https:\/\/i0.wp.com\/cdnoticias.com\/wp-content\/uploads\/2021\/02\/conferencia-kicillof-covid-07.jpg?w=800&amp;ssl=1 800w\" sizes=\"auto, (max-width: 400px) 100vw, 400px\" \/><\/p>\n<p>El ministro Goll\u00e1n inform\u00f3 que en funci\u00f3n de los \u00faltimos arribos de vacunas al pa\u00eds, <strong>la Provincia recibir\u00e1 unas 367 mil dosis: 135 mil de Sputnik que ya se distribuyen, y 232 mil de Oxford-Astrazeneca<\/strong>.<\/p>\n<blockquote><p>\u201cEstamos iniciando la fase de vacunaci\u00f3n masiva de la provincia\u201d subray\u00f3 el Gobernador tras detallar los nuevos grupos poblacionales que ser\u00e1n alcanzados con estas vacunas.<\/p><\/blockquote>\n<p>As\u00ed inform\u00f3 que <strong>ya se han distribuido 115 mil turnos para mayores de 70 a\u00f1os<\/strong> para vacunarse entre este jueves y el domingo -algo de lo que <a href=\"https:\/\/cdnoticias.com\/index.php\/2021\/02\/16\/vacunas-para-mayores-de-70-olavarrienses-compartieron-en-redes-la-asignacion-de-turnos\/\" target=\"_blank\" rel=\"noopener\">dieron cuenta varios olavarrienses<\/a>, tal como inform\u00f3<strong> Central de Noticias<\/strong>&#8211; para lo que se han sumado 167 puntos de vacunaci\u00f3n, especialmente escuelas.<\/p>\n<p><img data-recalc-dims=\"1\" loading=\"lazy\" decoding=\"async\" class=\"aligncenter wp-image-13958 size-large\" src=\"https:\/\/i0.wp.com\/cdnoticias.com\/wp-content\/uploads\/2021\/02\/conferencia-kicillof-covid-05.jpg?resize=800%2C445&#038;ssl=1\" alt=\"\" width=\"800\" height=\"445\" srcset=\"https:\/\/i0.wp.com\/cdnoticias.com\/wp-content\/uploads\/2021\/02\/conferencia-kicillof-covid-05.jpg?resize=1024%2C569&amp;ssl=1 1024w, https:\/\/i0.wp.com\/cdnoticias.com\/wp-content\/uploads\/2021\/02\/conferencia-kicillof-covid-05.jpg?resize=300%2C167&amp;ssl=1 300w, https:\/\/i0.wp.com\/cdnoticias.com\/wp-content\/uploads\/2021\/02\/conferencia-kicillof-covid-05.jpg?resize=768%2C427&amp;ssl=1 768w, https:\/\/i0.wp.com\/cdnoticias.com\/wp-content\/uploads\/2021\/02\/conferencia-kicillof-covid-05.jpg?resize=800%2C445&amp;ssl=1 800w, https:\/\/i0.wp.com\/cdnoticias.com\/wp-content\/uploads\/2021\/02\/conferencia-kicillof-covid-05.jpg?w=1202&amp;ssl=1 1202w\" sizes=\"auto, (max-width: 800px) 100vw, 800px\" \/><\/p>\n<p>A su vez, los<strong> docentes mayores de 60 a\u00f1os y con comorbilidades<\/strong>, ya son citados a vacunarse. Tambi\u00e9n adelant\u00f3 que se iniciar\u00e1 una<strong> prueba piloto para personal de seguridad<\/strong> y para <strong>mayores de 60<\/strong>. Con ello continuar\u00e1 la vacunaci\u00f3n en <strong>geri\u00e1tricos<\/strong> y residencias para adultos mayores.<\/p>\n<p><strong>Clases presenciales<\/strong><\/p>\n<p><strong>\u201cHoy empezaron las clases con presencialidad en la provincia para 1.100.000 estudiantes\u201d<\/strong> destac\u00f3 el Gobernador quien expres\u00f3 que \u201cestamos muy entusiasmados con esto, la presencialidad es algo que busc\u00e1bamos hace mucho tiempo\u201d.<\/p>\n<p>Inform\u00f3 que del 1 al 8 de marzo se incorporar\u00e1n 4.150.000 estudiantes de inicial, primaria y secundaria a las escuelas. Y que del 25 a 30% de las escuelas se va a poder ir todos los d\u00edas, y el resto lo har\u00e1n de manera alternada.<\/p>\n<p><img data-recalc-dims=\"1\" loading=\"lazy\" decoding=\"async\" class=\"aligncenter wp-image-13960 size-large\" src=\"https:\/\/i0.wp.com\/cdnoticias.com\/wp-content\/uploads\/2021\/02\/conferencia-kicillof-covid-03.jpg?resize=800%2C445&#038;ssl=1\" alt=\"\" width=\"800\" height=\"445\" srcset=\"https:\/\/i0.wp.com\/cdnoticias.com\/wp-content\/uploads\/2021\/02\/conferencia-kicillof-covid-03.jpg?resize=1024%2C570&amp;ssl=1 1024w, https:\/\/i0.wp.com\/cdnoticias.com\/wp-content\/uploads\/2021\/02\/conferencia-kicillof-covid-03.jpg?resize=300%2C167&amp;ssl=1 300w, https:\/\/i0.wp.com\/cdnoticias.com\/wp-content\/uploads\/2021\/02\/conferencia-kicillof-covid-03.jpg?resize=768%2C427&amp;ssl=1 768w, https:\/\/i0.wp.com\/cdnoticias.com\/wp-content\/uploads\/2021\/02\/conferencia-kicillof-covid-03.jpg?resize=800%2C445&amp;ssl=1 800w, https:\/\/i0.wp.com\/cdnoticias.com\/wp-content\/uploads\/2021\/02\/conferencia-kicillof-covid-03.jpg?w=1238&amp;ssl=1 1238w\" sizes=\"auto, (max-width: 800px) 100vw, 800px\" \/><\/p>\n<blockquote><p>\u201cDepende de la situaci\u00f3n epidemiol\u00f3gica de cada establecimiento, de cada aula, y de cada ciudad. Por suerte estamos llegando al inicio de clases con la baja de casos\u201d dijo el mandatario provincial.<\/p><\/blockquote>\n<p>Previamente, la Directora de Educaci\u00f3n hab\u00eda comentado sobre el inicio del <strong>\u201cproceso de intensificaci\u00f3n de saberes\u201d para estudiantes de primario y secundario<\/strong> y los protocolos previstos: \u201cuso barbijo, ventilaci\u00f3n, limpieza y distancia social de 1,5 metro entre estudiantes y 2 metros con docentes\u201d detall\u00f3 Vila.<\/p>\n","protected":false},"excerpt":{"rendered":"<p>Lo dijo el gobernador Kicillof este mi\u00e9rcoles. Se mantiene en baja la cantidad de casos de Covid. La llegada de<\/p>\n","protected":false},"author":4,"featured_media":13954,"comment_status":"closed","ping_status":"closed","sticky":false,"template":"","format":"standard","meta":{"_jetpack_memberships_contains_paid_content":false,"footnotes":""},"categories":[6,1],"tags":[],"class_list":["post-13947","post","type-post","status-publish","format-standard","has-post-thumbnail","hentry","category-nacionales","category-portada"],"jetpack_featured_media_url":"https:\/\/i0.wp.com\/cdnoticias.com\/wp-content\/uploads\/2021\/02\/conferencia-kicillof-covid-00.jpg?fit=1238%2C689&ssl=1","jetpack_sharing_enabled":true,"_links":{"self":[{"href":"https:\/\/cdnoticias.com\/index.php\/wp-json\/wp\/v2\/posts\/13947","targetHints":{"allow":["GET"]}}],"collection":[{"href":"https:\/\/cdnoticias.com\/index.php\/wp-json\/wp\/v2\/posts"}],"about":[{"href":"https:\/\/cdnoticias.com\/index.php\/wp-json\/wp\/v2\/types\/post"}],"author":[{"embeddable":true,"href":"https:\/\/cdnoticias.com\/index.php\/wp-json\/wp\/v2\/users\/4"}],"replies":[{"embeddable":true,"href":"https:\/\/cdnoticias.com\/index.php\/wp-json\/wp\/v2\/comments?post=13947"}],"version-history":[{"count":0,"href":"https:\/\/cdnoticias.com\/index.php\/wp-json\/wp\/v2\/posts\/13947\/revisions"}],"wp:featuredmedia":[{"embeddable":true,"href":"https:\/\/cdnoticias.com\/index.php\/wp-json\/wp\/v2\/media\/13954"}],"wp:attachment":[{"href":"https:\/\/cdnoticias.com\/index.php\/wp-json\/wp\/v2\/media?parent=13947"}],"wp:term":[{"taxonomy":"category","embeddable":true,"href":"https:\/\/cdnoticias.com\/index.php\/wp-json\/wp\/v2\/categories?post=13947"},{"taxonomy":"post_tag","embeddable":true,"href":"https:\/\/cdnoticias.com\/index.php\/wp-json\/wp\/v2\/tags?post=13947"}],"curies":[{"name":"wp","href":"https:\/\/api.w.org\/{rel}","templated":true}]}}