{"id":13946,"date":"2021-02-17T11:08:22","date_gmt":"2021-02-17T14:08:22","guid":{"rendered":"http:\/\/www.centraldenoticias.com.ar\/?p=13946"},"modified":"2021-02-17T12:39:00","modified_gmt":"2021-02-17T15:39:00","slug":"ministros-de-la-provincia-llegaran-a-olavarria-a-homenajear-al-negro-moreno","status":"publish","type":"post","link":"https:\/\/cdnoticias.com\/index.php\/2021\/02\/17\/ministros-de-la-provincia-llegaran-a-olavarria-a-homenajear-al-negro-moreno\/","title":{"rendered":"Ministros de la Provincia llegar\u00e1n a Olavarr\u00eda a homenajear al \u201cNegro\u201d Moreno"},"content":{"rendered":"<p>Ser\u00e1 para descubrir una placa en la delegaci\u00f3n del Ministerio de Trabajo. Estar\u00e1 presente la Ministra de Trabajo, Mara Ru\u00edz Malec, y su par de Justicia, Julio Alak.<!--more--><\/p>\n<hr \/>\n<p>Confirmado por fuentes provinciales en di\u00e1logo con Central de Noticias,<strong> ministros bonaerenses visitar\u00e1n la ciudad este jueves para homenajear a Carlos Alberto \u201cNegro\u201d Moreno descubriendo una placa en la Delegaci\u00f3n local del Ministerio de Trabajo.<\/strong><\/p>\n<p>&nbsp;<\/p>\n<blockquote><p>Carlos Alberto Moreno fue un abogado laboralista representante de AOMA detenido y desaparecido en la \u00faltima dictadura c\u00edvico-militar.<\/p><\/blockquote>\n<p>&nbsp;<\/p>\n<p>En este sentido, y tras un importante trabajo del sindicato AOMA a nivel local, <strong>se producir\u00e1 este homenaje donde participar\u00e1 la Ministra de Trabajo, Mara Ru\u00edz Malec, y el ministro de Justicia, Julio Alak. Tambi\u00e9n estar\u00e1 presente Mat\u00edas Moreno<\/strong>, Secretario de Derechos Humanos de la Provincia e hijo del \u201cNegro\u201d Moreno.<\/p>\n<p>&nbsp;<\/p>\n<p><img data-recalc-dims=\"1\" loading=\"lazy\" decoding=\"async\" class=\"alignnone size-full wp-image-13949\" src=\"https:\/\/i0.wp.com\/cdnoticias.com\/wp-content\/uploads\/2021\/02\/20200513091013_ruiz-malec.jpg?resize=800%2C448&#038;ssl=1\" alt=\"\" width=\"800\" height=\"448\" srcset=\"https:\/\/i0.wp.com\/cdnoticias.com\/wp-content\/uploads\/2021\/02\/20200513091013_ruiz-malec.jpg?w=880&amp;ssl=1 880w, https:\/\/i0.wp.com\/cdnoticias.com\/wp-content\/uploads\/2021\/02\/20200513091013_ruiz-malec.jpg?resize=300%2C168&amp;ssl=1 300w, https:\/\/i0.wp.com\/cdnoticias.com\/wp-content\/uploads\/2021\/02\/20200513091013_ruiz-malec.jpg?resize=768%2C430&amp;ssl=1 768w\" sizes=\"auto, (max-width: 800px) 100vw, 800px\" \/><\/p>\n<p>&nbsp;<\/p>\n<p>Seg\u00fan precisaron fuentes a este medio, <strong>se estima el inicio de acto cerca de las 18.30 horas de este jueves, todo sujeto a modificaciones de agenda de los funcionarios.<\/strong><\/p>\n<p>&nbsp;<\/p>\n<p><img data-recalc-dims=\"1\" loading=\"lazy\" decoding=\"async\" class=\"alignnone size-full wp-image-13950\" src=\"https:\/\/i0.wp.com\/cdnoticias.com\/wp-content\/uploads\/2021\/02\/alak_7.jpg?resize=800%2C449&#038;ssl=1\" alt=\"\" width=\"800\" height=\"449\" srcset=\"https:\/\/i0.wp.com\/cdnoticias.com\/wp-content\/uploads\/2021\/02\/alak_7.jpg?w=1008&amp;ssl=1 1008w, https:\/\/i0.wp.com\/cdnoticias.com\/wp-content\/uploads\/2021\/02\/alak_7.jpg?resize=300%2C168&amp;ssl=1 300w, https:\/\/i0.wp.com\/cdnoticias.com\/wp-content\/uploads\/2021\/02\/alak_7.jpg?resize=768%2C431&amp;ssl=1 768w\" sizes=\"auto, (max-width: 800px) 100vw, 800px\" \/><\/p>\n","protected":false},"excerpt":{"rendered":"<p>Ser\u00e1 para descubrir una placa en la delegaci\u00f3n del Ministerio de Trabajo. Estar\u00e1 presente la Ministra de Trabajo, Mara Ru\u00edz<\/p>\n","protected":false},"author":2,"featured_media":13948,"comment_status":"closed","ping_status":"closed","sticky":false,"template":"","format":"standard","meta":{"_jetpack_memberships_contains_paid_content":false,"footnotes":""},"categories":[4,1],"tags":[],"class_list":["post-13946","post","type-post","status-publish","format-standard","has-post-thumbnail","hentry","category-politica","category-portada"],"jetpack_featured_media_url":"https:\/\/i0.wp.com\/cdnoticias.com\/wp-content\/uploads\/2021\/02\/99-web-Moreno_con_su_hijo_Matias.jpg?fit=1414%2C971&ssl=1","jetpack_sharing_enabled":true,"_links":{"self":[{"href":"https:\/\/cdnoticias.com\/index.php\/wp-json\/wp\/v2\/posts\/13946","targetHints":{"allow":["GET"]}}],"collection":[{"href":"https:\/\/cdnoticias.com\/index.php\/wp-json\/wp\/v2\/posts"}],"about":[{"href":"https:\/\/cdnoticias.com\/index.php\/wp-json\/wp\/v2\/types\/post"}],"author":[{"embeddable":true,"href":"https:\/\/cdnoticias.com\/index.php\/wp-json\/wp\/v2\/users\/2"}],"replies":[{"embeddable":true,"href":"https:\/\/cdnoticias.com\/index.php\/wp-json\/wp\/v2\/comments?post=13946"}],"version-history":[{"count":0,"href":"https:\/\/cdnoticias.com\/index.php\/wp-json\/wp\/v2\/posts\/13946\/revisions"}],"wp:featuredmedia":[{"embeddable":true,"href":"https:\/\/cdnoticias.com\/index.php\/wp-json\/wp\/v2\/media\/13948"}],"wp:attachment":[{"href":"https:\/\/cdnoticias.com\/index.php\/wp-json\/wp\/v2\/media?parent=13946"}],"wp:term":[{"taxonomy":"category","embeddable":true,"href":"https:\/\/cdnoticias.com\/index.php\/wp-json\/wp\/v2\/categories?post=13946"},{"taxonomy":"post_tag","embeddable":true,"href":"https:\/\/cdnoticias.com\/index.php\/wp-json\/wp\/v2\/tags?post=13946"}],"curies":[{"name":"wp","href":"https:\/\/api.w.org\/{rel}","templated":true}]}}