{"id":139456,"date":"2022-10-08T15:42:22","date_gmt":"2022-10-08T18:42:22","guid":{"rendered":"http:\/\/centraldeportes.com.ar\/?p=24485"},"modified":"2025-02-10T20:55:30","modified_gmt":"2025-02-10T23:55:30","slug":"el-fortin-se-reforzo-en-la-linea-de-ataque","status":"publish","type":"post","link":"https:\/\/cdnoticias.com\/index.php\/2022\/10\/08\/el-fortin-se-reforzo-en-la-linea-de-ataque\/","title":{"rendered":"El Fort\u00edn se reforz\u00f3 en la l\u00ednea de ataque"},"content":{"rendered":"<p>A d\u00edas del inicio del Torneo Regional Amateur, el Club Social y Deportivo El Fort\u00edn anunci\u00f3 la llegada del delantero Ra\u00fal Tortorella, proveniente del f\u00fatbol azule\u00f1o.<!--more--><\/p>\n<hr \/>\n<p>Los cinco representantes de la ciudad de Olavarr\u00eda contin\u00faan ultimando detalles y reforzando sus plantillas ante el inminente comienzo del Torneo Regional Federal Amateur 2022-2023, que iniciar\u00e1 el 16 de octubre pr\u00f3ximo.<\/p>\n<p>&nbsp;<\/p>\n<p>En las \u00faltimas horas, <strong>El Fort\u00edn confirm\u00f3 la llegada de un nuevo refuerzo<\/strong> que se sumar\u00e1 al plantel dirigido por Pablo Burghini. <strong>Se trata de Ra\u00fal Tortorella, delantero de 27 a\u00f1os que viene de vestir la camiseta de Independiente de Chillar en la Liga de Azul<\/strong>.<\/p>\n<p>&nbsp;<\/p>\n<p><strong>Tortorella es la quinta incorporaci\u00f3n del equipo de la Av. Urquiza<\/strong>, que anteriormente sum\u00f3 a Franco Aguirre, Jonathan Ferreyra y dos ex Loma Negra, F\u00e9lix Galv\u00e1n y Alexis Guzm\u00e1n.<\/p>\n<p>&nbsp;<\/p>\n<p>Vale recordar que <strong>El Fort\u00edn forma parte de la Zona 5 de la Regi\u00f3n Bonaerense Pampeana junto a Embajadores y Racing<\/strong>, y en la primera fecha quedar\u00e1 libre.<\/p>\n","protected":false},"excerpt":{"rendered":"<p>A d\u00edas del inicio del Torneo Regional Amateur, el Club Social y Deportivo El Fort\u00edn anunci\u00f3 la llegada del delantero<\/p>\n","protected":false},"author":96739694,"featured_media":151732,"comment_status":"closed","ping_status":"closed","sticky":false,"template":"","format":"standard","meta":{"_jetpack_memberships_contains_paid_content":false,"footnotes":""},"categories":[35,1,54],"tags":[],"class_list":["post-139456","post","type-post","status-publish","format-standard","has-post-thumbnail","hentry","category-futbol","category-portada","category-torneo-regional-amateur"],"jetpack_featured_media_url":"https:\/\/i0.wp.com\/cdnoticias.com\/wp-content\/uploads\/2022\/10\/Ra%C3%BAl-Tortorella-nuevo-refuerzo-de-El-Fort%C3%ADn-e1665254467167.jpg?fit=1149%2C743&ssl=1","jetpack_sharing_enabled":true,"_links":{"self":[{"href":"https:\/\/cdnoticias.com\/index.php\/wp-json\/wp\/v2\/posts\/139456","targetHints":{"allow":["GET"]}}],"collection":[{"href":"https:\/\/cdnoticias.com\/index.php\/wp-json\/wp\/v2\/posts"}],"about":[{"href":"https:\/\/cdnoticias.com\/index.php\/wp-json\/wp\/v2\/types\/post"}],"author":[{"embeddable":true,"href":"https:\/\/cdnoticias.com\/index.php\/wp-json\/wp\/v2\/users\/96739694"}],"replies":[{"embeddable":true,"href":"https:\/\/cdnoticias.com\/index.php\/wp-json\/wp\/v2\/comments?post=139456"}],"version-history":[{"count":0,"href":"https:\/\/cdnoticias.com\/index.php\/wp-json\/wp\/v2\/posts\/139456\/revisions"}],"wp:featuredmedia":[{"embeddable":true,"href":"https:\/\/cdnoticias.com\/index.php\/wp-json\/wp\/v2\/media\/151732"}],"wp:attachment":[{"href":"https:\/\/cdnoticias.com\/index.php\/wp-json\/wp\/v2\/media?parent=139456"}],"wp:term":[{"taxonomy":"category","embeddable":true,"href":"https:\/\/cdnoticias.com\/index.php\/wp-json\/wp\/v2\/categories?post=139456"},{"taxonomy":"post_tag","embeddable":true,"href":"https:\/\/cdnoticias.com\/index.php\/wp-json\/wp\/v2\/tags?post=139456"}],"curies":[{"name":"wp","href":"https:\/\/api.w.org\/{rel}","templated":true}]}}