{"id":139451,"date":"2022-10-07T19:59:57","date_gmt":"2022-10-07T22:59:57","guid":{"rendered":"http:\/\/centraldeportes.com.ar\/?p=24470"},"modified":"2025-02-02T14:17:30","modified_gmt":"2025-02-02T17:17:30","slug":"manuel-gonzalez-luego-del-triunfo-ante-costa-sud-de-a-poco-vamos-evolucionando-el-nivel-de-juego","status":"publish","type":"post","link":"https:\/\/cdnoticias.com\/index.php\/2022\/10\/07\/manuel-gonzalez-luego-del-triunfo-ante-costa-sud-de-a-poco-vamos-evolucionando-el-nivel-de-juego\/","title":{"rendered":"Manuel Gonz\u00e1lez luego del triunfo ante Costa Sud: \u201cDe a poco vamos evolucionando el nivel de juego\u201d"},"content":{"rendered":"<p>El entrenador de Estudiantes valor\u00f3 la victoria ante el elenco de Tres Arroyos, habl\u00f3 del crecimiento del equipo y analiz\u00f3 el resto de los partidos que le quedan al \u201cBata\u201d en el Pre-Federal.<!--more--><\/p>\n<hr \/>\n<p>Estudiantes rompi\u00f3 la racha y el pasado jueves <a href=\"https:\/\/cdnoticias.com\/estudiantes-gano-sin-sobresaltos-y-rompio-la-racha-en-el-maxi\/\">consigui\u00f3 su primera victoria<\/a> en el Maxigimnasio del Parque Guerrero. <strong>El \u201cBata\u201d derrot\u00f3 sin problemas a Costa Sud por 99 a 52 en el partido correspondiente a la 7\u00b0<\/strong> fecha de la Regi\u00f3n Deportiva CAB 4 <strong>del Torneo Pre-Federal 2022<\/strong> y se prendi\u00f3 en la pelea de los primeros puestos de la Zona. <strong>Tras el triunfo Manuel Gonz\u00e1lez, el joven entrenador \u201cAlbinegro\u201d, tom\u00f3 la palabra y habl\u00f3 con la prensa de lo sucedido<\/strong>.<\/p>\n<p>&nbsp;<\/p>\n<p>\u201c<strong><em>Es bueno ganar siempre, sobre todo de local que era algo que no se nos ven\u00eda dando<\/em><\/strong>\u201d, fueron sus primeras declaraciones y m\u00e1s tarde continu\u00f3: <em>\u201cEs una victoria importante para que los chicos agarren confianza, adem\u00e1s <strong>pudieron jugar todos y eso me pone contento<\/strong>\u201d<\/em>, destac\u00f3.<\/p>\n<p>&nbsp;<\/p>\n<p>El t\u00e9cnico, adem\u00e1s, realiz\u00f3 un balance de c\u00f3mo viene creciendo el equipo partido tras partido y sostuvo: <em>\u201c<strong>Es un proceso<\/strong>, sab\u00edamos que nos iba a llevar un poco de tiempo encontrar el equipo, <strong>desde que arranc\u00f3 el torneo poco a poco vamos evolucionando el nivel de juego<\/strong>, nunca entramos en una meseta y eso es importante sobre todo para lo que se viene\u201d.<\/em><\/p>\n<p>&nbsp;<\/p>\n<p>&nbsp;<\/p>\n<figure id=\"attachment_24390\" aria-describedby=\"caption-attachment-24390\" style=\"width: 1500px\" class=\"wp-caption aligncenter\"><img data-recalc-dims=\"1\" loading=\"lazy\" decoding=\"async\" class=\"wp-image-24390 size-full\" src=\"https:\/\/i0.wp.com\/centraldeportes.com.ar\/wp-content\/uploads\/2022\/10\/cae-costasud-10.jpeg?resize=800%2C533\" alt=\"\" width=\"800\" height=\"533\" \/><figcaption id=\"caption-attachment-24390\" class=\"wp-caption-text\">Estudiantes ostenta un r\u00e9cord de 3 victorias y 3 derrotas en lo que va del Torneo Pre-Federal<\/figcaption><\/figure>\n<p>&nbsp;<\/p>\n<p><em>\u201c<strong>Me estoy sintiendo mejor de lo que pensaba<\/strong>\u201d<\/em>, confes\u00f3 Gonz\u00e1lez respecto a su primera experiencia como entrenador al mando de un equipo mayor: <em>\u201c<strong>Lo estoy disfrutando<\/strong>, cre\u00ed que iba a ser un poquito m\u00e1s dif\u00edcil pero por suerte <strong>la calidad de jugadores como personas me ayud\u00f3 mucho y me hizo m\u00e1s sencillo el trabajo<\/strong>\u201d, <\/em>afirm\u00f3.<\/p>\n<p>&nbsp;<\/p>\n<blockquote><p>\u201c<em>Los chicos del club est\u00e1n demostrando muchas ganas de estar, es un premio para ellos que puedan tener sus minutos y que puedan ayudar al equipo<\/em>\u201d.<\/p><\/blockquote>\n<p>&nbsp;<\/p>\n<p>Por \u00faltimo, el DT \u201cAlbinegro\u201d analiz\u00f3 lo que resta del Pre-Federal y remarc\u00f3 la importancia del partido que deber\u00e1 afrontar en Bah\u00eda Blanca: <em>\u201cSin dudas va a ser un partido dur\u00edsimo<strong>, en caso de una victoria de Racing all\u00e1 <\/strong><\/em>(domingo 20:30 horas) <em><strong>nos da la posibilidad de tener un mano a mano con Olimpo para pelear el segundo puesto<\/strong>\u201d<\/em>, confes\u00f3.<\/p>\n","protected":false},"excerpt":{"rendered":"<p>El entrenador de Estudiantes valor\u00f3 la victoria ante el elenco de Tres Arroyos, habl\u00f3 del crecimiento del equipo y analiz\u00f3<\/p>\n","protected":false},"author":96739694,"featured_media":149452,"comment_status":"closed","ping_status":"closed","sticky":false,"template":"","format":"standard","meta":{"_jetpack_memberships_contains_paid_content":false,"footnotes":""},"categories":[31,1,60],"tags":[],"class_list":["post-139451","post","type-post","status-publish","format-standard","has-post-thumbnail","hentry","category-basquet","category-portada","category-torneo-pre-federal"],"jetpack_featured_media_url":"https:\/\/i0.wp.com\/cdnoticias.com\/wp-content\/uploads\/2022\/09\/cae-olimpo-7.jpeg?fit=1280%2C853&ssl=1","jetpack_sharing_enabled":true,"_links":{"self":[{"href":"https:\/\/cdnoticias.com\/index.php\/wp-json\/wp\/v2\/posts\/139451","targetHints":{"allow":["GET"]}}],"collection":[{"href":"https:\/\/cdnoticias.com\/index.php\/wp-json\/wp\/v2\/posts"}],"about":[{"href":"https:\/\/cdnoticias.com\/index.php\/wp-json\/wp\/v2\/types\/post"}],"author":[{"embeddable":true,"href":"https:\/\/cdnoticias.com\/index.php\/wp-json\/wp\/v2\/users\/96739694"}],"replies":[{"embeddable":true,"href":"https:\/\/cdnoticias.com\/index.php\/wp-json\/wp\/v2\/comments?post=139451"}],"version-history":[{"count":0,"href":"https:\/\/cdnoticias.com\/index.php\/wp-json\/wp\/v2\/posts\/139451\/revisions"}],"wp:featuredmedia":[{"embeddable":true,"href":"https:\/\/cdnoticias.com\/index.php\/wp-json\/wp\/v2\/media\/149452"}],"wp:attachment":[{"href":"https:\/\/cdnoticias.com\/index.php\/wp-json\/wp\/v2\/media?parent=139451"}],"wp:term":[{"taxonomy":"category","embeddable":true,"href":"https:\/\/cdnoticias.com\/index.php\/wp-json\/wp\/v2\/categories?post=139451"},{"taxonomy":"post_tag","embeddable":true,"href":"https:\/\/cdnoticias.com\/index.php\/wp-json\/wp\/v2\/tags?post=139451"}],"curies":[{"name":"wp","href":"https:\/\/api.w.org\/{rel}","templated":true}]}}