{"id":139448,"date":"2022-10-07T16:56:55","date_gmt":"2022-10-07T19:56:55","guid":{"rendered":"http:\/\/centraldeportes.com.ar\/?p=24417"},"modified":"2025-02-02T14:11:56","modified_gmt":"2025-02-02T17:11:56","slug":"consuelo-martinez-fue-tercera-en-el-argentino-de-menores","status":"publish","type":"post","link":"https:\/\/cdnoticias.com\/index.php\/2022\/10\/07\/consuelo-martinez-fue-tercera-en-el-argentino-de-menores\/","title":{"rendered":"Consuelo Mart\u00ednez fue tercera en el Argentino de Menores"},"content":{"rendered":"<p>La joven palista albinegra y de gran presente, estuvo durante el fin de semana en el Campeonato Argentino de Menores de Velocidad.<!--more--><\/p>\n<hr \/>\n<p>En la competencia desarrollada en el Club N\u00e1utico Puertos del Lago, en la localidad de Escobar, la \u201cbataraza\u201d se luci\u00f3 siendo tercera en la categor\u00eda Menores Damas, donde gan\u00f3 la serie, luego la semifinal y en la final A, finaliz\u00f3 tercera.<\/p>\n<p>&nbsp;<\/p>\n<p>Con estos resultados, se posiciona tercera en el ranking a nivel nacional y nuevamente un exponente del canotaje \u201calbinegro\u201d da que hablar.<\/p>\n<p>&nbsp;<\/p>\n<p>Acompa\u00f1ada durante el fin de semana por el entrenador Santiago Ter\u00fa.<\/p>\n","protected":false},"excerpt":{"rendered":"<p>La joven palista albinegra y de gran presente, estuvo durante el fin de semana en el Campeonato Argentino de Menores<\/p>\n","protected":false},"author":96739694,"featured_media":149373,"comment_status":"closed","ping_status":"closed","sticky":false,"template":"","format":"standard","meta":{"_jetpack_memberships_contains_paid_content":false,"footnotes":""},"categories":[30,1],"tags":[],"class_list":["post-139448","post","type-post","status-publish","format-standard","has-post-thumbnail","hentry","category-polideportivo","category-portada"],"jetpack_featured_media_url":"https:\/\/i0.wp.com\/cdnoticias.com\/wp-content\/uploads\/2022\/10\/consuelomartinez.png?fit=800%2C445&ssl=1","jetpack_sharing_enabled":true,"_links":{"self":[{"href":"https:\/\/cdnoticias.com\/index.php\/wp-json\/wp\/v2\/posts\/139448","targetHints":{"allow":["GET"]}}],"collection":[{"href":"https:\/\/cdnoticias.com\/index.php\/wp-json\/wp\/v2\/posts"}],"about":[{"href":"https:\/\/cdnoticias.com\/index.php\/wp-json\/wp\/v2\/types\/post"}],"author":[{"embeddable":true,"href":"https:\/\/cdnoticias.com\/index.php\/wp-json\/wp\/v2\/users\/96739694"}],"replies":[{"embeddable":true,"href":"https:\/\/cdnoticias.com\/index.php\/wp-json\/wp\/v2\/comments?post=139448"}],"version-history":[{"count":0,"href":"https:\/\/cdnoticias.com\/index.php\/wp-json\/wp\/v2\/posts\/139448\/revisions"}],"wp:featuredmedia":[{"embeddable":true,"href":"https:\/\/cdnoticias.com\/index.php\/wp-json\/wp\/v2\/media\/149373"}],"wp:attachment":[{"href":"https:\/\/cdnoticias.com\/index.php\/wp-json\/wp\/v2\/media?parent=139448"}],"wp:term":[{"taxonomy":"category","embeddable":true,"href":"https:\/\/cdnoticias.com\/index.php\/wp-json\/wp\/v2\/categories?post=139448"},{"taxonomy":"post_tag","embeddable":true,"href":"https:\/\/cdnoticias.com\/index.php\/wp-json\/wp\/v2\/tags?post=139448"}],"curies":[{"name":"wp","href":"https:\/\/api.w.org\/{rel}","templated":true}]}}