{"id":139446,"date":"2022-10-07T12:06:02","date_gmt":"2022-10-07T15:06:02","guid":{"rendered":"http:\/\/centraldeportes.com.ar\/?p=24408"},"modified":"2022-10-07T12:06:02","modified_gmt":"2022-10-07T15:06:02","slug":"federico-chingotto-tiene-pareja-para-la-competencia-de-egipto-2","status":"publish","type":"post","link":"https:\/\/cdnoticias.com\/index.php\/2022\/10\/07\/federico-chingotto-tiene-pareja-para-la-competencia-de-egipto-2\/","title":{"rendered":"Federico Chingotto tiene pareja para la competencia de Egipto"},"content":{"rendered":"<p>Federico Chingotto tiene pareja confirmada para el certamen que se disputar\u00e1 en Egipto a fines del mes de octubre y es organizado por Premier P\u00e1del.<\/p>\n<p><!--more--><\/p>\n<hr \/>\n<p>El Premier P\u00e1del anunci\u00f3 el s\u00e9ptimo torneo de su calendario y desembarcar\u00e1 en \u00c1frica para repartir 250.000 euros en premios y luego de la confirmaci\u00f3n de la separaci\u00f3n de Federico Chingotto y Juan Tello, el olavarriense anunci\u00f3 su compa\u00f1ero para el evento de Egipto.<\/p>\n<p>&nbsp;<\/p>\n<p>Chingotto jugar\u00e1 la primera competencia en el continente africano en conjunto con Javier Garrido y ser\u00e1n los clasificados n\u00famero 7.<\/p>\n<p>&nbsp;<\/p>\n<p>El NEWGIZA Premier P\u00e1del P1 tendr\u00e1 lugar en el NEWGIZA Sports Club desde el 24 al 30 de octubre y tendr\u00e1 adem\u00e1s la participaci\u00f3n de Juan Tello en conjunto con \u201cPaquito\u201d Navarro.<\/p>\n","protected":false},"excerpt":{"rendered":"<p>Federico Chingotto tiene pareja confirmada para el certamen que se disputar\u00e1 en Egipto a fines del mes de octubre y<\/p>\n","protected":false},"author":96739695,"featured_media":23103,"comment_status":"closed","ping_status":"closed","sticky":false,"template":"","format":"standard","meta":{"_jetpack_memberships_contains_paid_content":false,"footnotes":""},"categories":[30,1],"tags":[],"class_list":["post-139446","post","type-post","status-publish","format-standard","has-post-thumbnail","hentry","category-polideportivo","category-portada"],"jetpack_featured_media_url":"https:\/\/i0.wp.com\/cdnoticias.com\/wp-content\/uploads\/2021\/06\/homicidio-antartida-y-juan-XXIII-00.jpg?fit=800%2C445&ssl=1","jetpack_sharing_enabled":true,"_links":{"self":[{"href":"https:\/\/cdnoticias.com\/index.php\/wp-json\/wp\/v2\/posts\/139446","targetHints":{"allow":["GET"]}}],"collection":[{"href":"https:\/\/cdnoticias.com\/index.php\/wp-json\/wp\/v2\/posts"}],"about":[{"href":"https:\/\/cdnoticias.com\/index.php\/wp-json\/wp\/v2\/types\/post"}],"author":[{"embeddable":true,"href":"https:\/\/cdnoticias.com\/index.php\/wp-json\/wp\/v2\/users\/96739695"}],"replies":[{"embeddable":true,"href":"https:\/\/cdnoticias.com\/index.php\/wp-json\/wp\/v2\/comments?post=139446"}],"version-history":[{"count":0,"href":"https:\/\/cdnoticias.com\/index.php\/wp-json\/wp\/v2\/posts\/139446\/revisions"}],"wp:featuredmedia":[{"embeddable":true,"href":"https:\/\/cdnoticias.com\/index.php\/wp-json\/wp\/v2\/media\/23103"}],"wp:attachment":[{"href":"https:\/\/cdnoticias.com\/index.php\/wp-json\/wp\/v2\/media?parent=139446"}],"wp:term":[{"taxonomy":"category","embeddable":true,"href":"https:\/\/cdnoticias.com\/index.php\/wp-json\/wp\/v2\/categories?post=139446"},{"taxonomy":"post_tag","embeddable":true,"href":"https:\/\/cdnoticias.com\/index.php\/wp-json\/wp\/v2\/tags?post=139446"}],"curies":[{"name":"wp","href":"https:\/\/api.w.org\/{rel}","templated":true}]}}