{"id":139445,"date":"2022-10-07T01:20:49","date_gmt":"2022-10-07T04:20:49","guid":{"rendered":"http:\/\/centraldeportes.com.ar\/?p=24403"},"modified":"2025-02-02T14:12:49","modified_gmt":"2025-02-02T17:12:49","slug":"la-1-fecha-del-torneo-regional-de-clubes-cerro-con-muchos-goles","status":"publish","type":"post","link":"https:\/\/cdnoticias.com\/index.php\/2022\/10\/07\/la-1-fecha-del-torneo-regional-de-clubes-cerro-con-muchos-goles\/","title":{"rendered":"La 1\u00b0 fecha del Torneo Regional de Clubes cerr\u00f3 con muchos goles"},"content":{"rendered":"<p>Con los tres partidos disputados en el Parque Carlos Guerrero, este jueves culmin\u00f3 la primera fecha del torneo organizado por la Federaci\u00f3n Bonaerense Pampeana. Hubo victorias de Estudiantes en Sub 17 y de Embajadores en las categor\u00edas menores.<!--more--><\/p>\n<hr \/>\n<p>Con total actividad en el estadio central \u201cAlbinegro\u201d,<strong> este jueves las divisiones inferiores de Estudiantes, Embajadores y Ferro jugaron sus compromisos correspondientes a la primera cita del Torneo Regional de Clubes<\/strong>.<\/p>\n<p>&nbsp;<\/p>\n<p>En el primer turno se enfrentaron <strong>Estudiantes y Ferro<\/strong> por el duelo de la Zona 4. <strong>Fue con triunfo y goleada del \u201cBataraz\u201d por 3 a 0<\/strong> con los tantos convertidos por <strong>Tom\u00e1s Uvilla, Luca Crivelli y Lautaro G\u00f3mez<\/strong>.<\/p>\n<p>&nbsp;<\/p>\n<p>[soliloquy id=&#8221;24363&#8243;]<\/p>\n<p>&nbsp;<\/p>\n<p>M\u00e1s tarde fue el turno de la categor\u00eda <strong>Sub 15<\/strong>, donde <strong>Embajadores<\/strong> se despach\u00f3 con una abultada goleada y <strong>derrot\u00f3 por 7 a 4 ante Estudiantes<\/strong>. Por \u00faltimo, <strong>en Sub 13<\/strong>, el triunfo qued\u00f3 en manos del<strong> equipo de la Av. Avellaneda, que se impuso 2 a 0 ante el elenco \u201cAlbinegro\u201d\u00a0<\/strong> y junto con Racing dominan en la Zona 4.<\/p>\n","protected":false},"excerpt":{"rendered":"<p>Con los tres partidos disputados en el Parque Carlos Guerrero, este jueves culmin\u00f3 la primera fecha del torneo organizado por<\/p>\n","protected":false},"author":96739694,"featured_media":149400,"comment_status":"closed","ping_status":"closed","sticky":false,"template":"","format":"standard","meta":{"_jetpack_memberships_contains_paid_content":false,"footnotes":""},"categories":[35,40,1],"tags":[],"class_list":["post-139445","post","type-post","status-publish","format-standard","has-post-thumbnail","hentry","category-futbol","category-inferiores","category-portada"],"jetpack_featured_media_url":"https:\/\/i0.wp.com\/cdnoticias.com\/wp-content\/uploads\/2022\/10\/inf-lfo-6.jpeg?fit=1280%2C853&ssl=1","jetpack_sharing_enabled":true,"_links":{"self":[{"href":"https:\/\/cdnoticias.com\/index.php\/wp-json\/wp\/v2\/posts\/139445","targetHints":{"allow":["GET"]}}],"collection":[{"href":"https:\/\/cdnoticias.com\/index.php\/wp-json\/wp\/v2\/posts"}],"about":[{"href":"https:\/\/cdnoticias.com\/index.php\/wp-json\/wp\/v2\/types\/post"}],"author":[{"embeddable":true,"href":"https:\/\/cdnoticias.com\/index.php\/wp-json\/wp\/v2\/users\/96739694"}],"replies":[{"embeddable":true,"href":"https:\/\/cdnoticias.com\/index.php\/wp-json\/wp\/v2\/comments?post=139445"}],"version-history":[{"count":0,"href":"https:\/\/cdnoticias.com\/index.php\/wp-json\/wp\/v2\/posts\/139445\/revisions"}],"wp:featuredmedia":[{"embeddable":true,"href":"https:\/\/cdnoticias.com\/index.php\/wp-json\/wp\/v2\/media\/149400"}],"wp:attachment":[{"href":"https:\/\/cdnoticias.com\/index.php\/wp-json\/wp\/v2\/media?parent=139445"}],"wp:term":[{"taxonomy":"category","embeddable":true,"href":"https:\/\/cdnoticias.com\/index.php\/wp-json\/wp\/v2\/categories?post=139445"},{"taxonomy":"post_tag","embeddable":true,"href":"https:\/\/cdnoticias.com\/index.php\/wp-json\/wp\/v2\/tags?post=139445"}],"curies":[{"name":"wp","href":"https:\/\/api.w.org\/{rel}","templated":true}]}}