{"id":139440,"date":"2022-10-06T17:56:01","date_gmt":"2022-10-06T20:56:01","guid":{"rendered":"http:\/\/centraldeportes.com.ar\/?p=24350"},"modified":"2025-02-02T14:10:25","modified_gmt":"2025-02-02T17:10:25","slug":"estudiantes-y-ferro-tienen-nuevos-refuerzos","status":"publish","type":"post","link":"https:\/\/cdnoticias.com\/index.php\/2022\/10\/06\/estudiantes-y-ferro-tienen-nuevos-refuerzos\/","title":{"rendered":"Estudiantes y Ferro tienen nuevos refuerzos"},"content":{"rendered":"<p>De cara al Regional Amateur, el \u201cBata\u201d anunci\u00f3 la incorporaci\u00f3n del arquero Exequiel Damiano, mientras que el &#8220;Carbonero&#8221; inform\u00f3 los fichajes del defensor Leandro Caballero y del delantero Lucas Scarnato.<!--more--><\/p>\n<hr \/>\n<p>A d\u00edas para el inicio de una nueva temporada del Torneo Regional Federal Amateur, <strong>dos de los cinco clubes de Olavarr\u00eda que participar\u00e1n de la edici\u00f3n comunicaron la llegada de nuevos refuerzos<\/strong>.<\/p>\n<p>&nbsp;<\/p>\n<p>Este jueves, <strong>Estudiantes inform\u00f3 la contrataci\u00f3n del arquero Exequiel Damiano de 32 a\u00f1os proveniente de Argentino de Chacabuco<\/strong>. El oriundo de Haedo, que reforzar\u00e1 el arco \u201cAlbinegro\u201d, cuenta con una amplia trayectoria con pasos en Liniers, Juventud Unida, C\u00edrculo Deportivo y J.J Urquiza.<\/p>\n<p>&nbsp;<\/p>\n<p>A su vez, <strong>Ferro Carril Sud sum\u00f3 dos nuevas incorporaciones al plantel dirigido por Mauricio Peralta<\/strong>. Por un lado, el &#8220;Carbonero&#8221; sum\u00f3 a\u00a0<strong>Leandro Caballero, zaguero central de 36 a\u00f1os<\/strong> que viene de jugar en la B Metropolitana con la camiseta de UAI Urquiza. <strong>Adem\u00e1s, en las \u00faltimas horas, se concret\u00f3 la llegada del delantero de \u00e1rea Lucas Gabriel Scarnato<\/strong>, que viene de vestir la camiseta de San Miguel y cuenta con un amplio recorrido en el ascenso metropolitano.<\/p>\n","protected":false},"excerpt":{"rendered":"<p>De cara al Regional Amateur, el \u201cBata\u201d anunci\u00f3 la incorporaci\u00f3n del arquero Exequiel Damiano, mientras que el &#8220;Carbonero&#8221; inform\u00f3 los<\/p>\n","protected":false},"author":96739694,"featured_media":149335,"comment_status":"closed","ping_status":"closed","sticky":false,"template":"","format":"standard","meta":{"_jetpack_memberships_contains_paid_content":false,"footnotes":""},"categories":[35,1,54],"tags":[],"class_list":["post-139440","post","type-post","status-publish","format-standard","has-post-thumbnail","hentry","category-futbol","category-portada","category-torneo-regional-amateur"],"jetpack_featured_media_url":"https:\/\/i0.wp.com\/cdnoticias.com\/wp-content\/uploads\/2022\/10\/WhatsApp-Image-2022-10-06-at-17.30.40-1-e1665089654594.jpeg?fit=927%2C535&ssl=1","jetpack_sharing_enabled":true,"_links":{"self":[{"href":"https:\/\/cdnoticias.com\/index.php\/wp-json\/wp\/v2\/posts\/139440","targetHints":{"allow":["GET"]}}],"collection":[{"href":"https:\/\/cdnoticias.com\/index.php\/wp-json\/wp\/v2\/posts"}],"about":[{"href":"https:\/\/cdnoticias.com\/index.php\/wp-json\/wp\/v2\/types\/post"}],"author":[{"embeddable":true,"href":"https:\/\/cdnoticias.com\/index.php\/wp-json\/wp\/v2\/users\/96739694"}],"replies":[{"embeddable":true,"href":"https:\/\/cdnoticias.com\/index.php\/wp-json\/wp\/v2\/comments?post=139440"}],"version-history":[{"count":0,"href":"https:\/\/cdnoticias.com\/index.php\/wp-json\/wp\/v2\/posts\/139440\/revisions"}],"wp:featuredmedia":[{"embeddable":true,"href":"https:\/\/cdnoticias.com\/index.php\/wp-json\/wp\/v2\/media\/149335"}],"wp:attachment":[{"href":"https:\/\/cdnoticias.com\/index.php\/wp-json\/wp\/v2\/media?parent=139440"}],"wp:term":[{"taxonomy":"category","embeddable":true,"href":"https:\/\/cdnoticias.com\/index.php\/wp-json\/wp\/v2\/categories?post=139440"},{"taxonomy":"post_tag","embeddable":true,"href":"https:\/\/cdnoticias.com\/index.php\/wp-json\/wp\/v2\/tags?post=139440"}],"curies":[{"name":"wp","href":"https:\/\/api.w.org\/{rel}","templated":true}]}}