{"id":139434,"date":"2022-10-05T23:39:53","date_gmt":"2022-10-06T02:39:53","guid":{"rendered":"http:\/\/centraldeportes.com.ar\/?p=24323"},"modified":"2025-02-02T14:07:58","modified_gmt":"2025-02-02T17:07:58","slug":"olavarria-sumo-varias-medallas-en-el-cuarto-dia-de-competencia","status":"publish","type":"post","link":"https:\/\/cdnoticias.com\/index.php\/2022\/10\/05\/olavarria-sumo-varias-medallas-en-el-cuarto-dia-de-competencia\/","title":{"rendered":"Olavarr\u00eda sum\u00f3 varias medallas en el cuarto d\u00eda de competencia"},"content":{"rendered":"<p>Los Juegos Bonaerenses disputados en Mar del Plata entraron en etapa de definiciones en la jornada de este mi\u00e9rcoles y hubo nuevas premiaciones para los deportistas locales.<!--more--><\/p>\n<hr \/>\n<p>Con varias disciplinas culminando sus actividades, <strong>este mi\u00e9rcoles se llev\u00f3 adelante el cuarto d\u00eda de competencia de la 31\u00b0 edici\u00f3n de los Juegos Bonaerenses con sede en Mar del Plata<\/strong>. La delegaci\u00f3n olavarriense, que cont\u00f3 con la visita del intendente <strong>Ezequiel Galli<\/strong>, sum\u00f3 nuevas preseas para el medallero local y adem\u00e1s, varios integrantes ya emprendieron el retorno a nuestra ciudad.<\/p>\n<p>&nbsp;<\/p>\n<p>La menci\u00f3n especial de la jornada la tuvo <strong>Francisco Crimaldi, quien con 14 a\u00f1os compiti\u00f3 en la categor\u00eda Sub 18 de Tenis de Mesa y se qued\u00f3 con la medalla de oro<\/strong> tras vencer 3 a 2 en sets al representante de Tigre.<\/p>\n<p>&nbsp;<\/p>\n<p>Por otro lado en <strong>Nataci\u00f3n<\/strong>, las representantes del club Ferro, <strong>Delfina Ruppel y Agustina Arouxet, consiguieron dos medallas plateadas<\/strong> luego de culminar segundas en las pruebas de 100 metros libre y 100 metros espalda bajo la categor\u00eda Universitaria. En dicha divisi\u00f3n tambi\u00e9n participaron <strong>Bel\u00e9n Riley, Juli\u00e1n Ziegler, Juan Barros y Abril Routaboul<\/strong>. Adem\u00e1s, en Sub 18 compitieron <strong>Ludmila Salvatierra, Ana Gonz\u00e1lez, Valentino Bravo y Santiago Ram\u00edrez<\/strong>.<\/p>\n<p>&nbsp;<\/p>\n<p>En Atletismo, <strong>deportistas del club El Fort\u00edn tambi\u00e9n tuvieron una destacada actuaci\u00f3n y sumaron tres preseas de bronce<\/strong>. La primera fue para <strong>Juana Martinefsky<\/strong> en 300 metros Sub 16 y las dos restantes en 400 metros Sub 18 de la mano de <strong>Tatiana Tonel<\/strong> e <strong>Ignacio Alga\u00f1araz<\/strong>. A su vez, la Escuela de Atletismo del \u201cFortinero\u201d particip\u00f3 con creces en pruebas de velocidad, ubic\u00e1ndose entre los mejores de la provincia.<\/p>\n<p>&nbsp;<\/p>\n<p>Olavarr\u00eda tambi\u00e9n sum\u00f3 en el medallero a trav\u00e9s del <strong>F\u00fatbol Tenis<\/strong>, con <strong>una de oro y otra de bronce por parte de las chicas del Sub 15<\/strong> (La de bronce fue en categor\u00eda Universitaria). <strong>Por el lado del Tenis, Seraf\u00edn Bianucci gan\u00f3 la medalla de bronce en Sub 18<\/strong>.<\/p>\n<p>&nbsp;<\/p>\n<p>Por \u00faltimo, en el complejo donde se encuentra el estadio Jos\u00e9 Mar\u00eda Minella hubo m\u00e1s condecoraciones locales. <strong>En Ajedrez, Guadalupe Casasola y Florencia Lamique<\/strong> quedaron terceras en Universitaria y Sub 14 respectivamente y lograron la medalla de bronce, mientras que en <strong>Taekwondo<\/strong> <strong>Macarena Carosella<\/strong> (-57 kilos Sub 14) y <strong>Melody \u00c1valos<\/strong> (+57 kilos Sub 14) tambi\u00e9n sumaron preseas subi\u00e9ndose al \u00faltimo escal\u00f3n del podio.<\/p>\n<p>&nbsp;<\/p>\n<h6><strong>M\u00e1s resultados<\/strong><\/h6>\n<p>&nbsp;<\/p>\n<p>El detalle de la actividad olavarriense incluye adem\u00e1s la participaci\u00f3n en Badminton, donde se cosech\u00f3 un m\u00e1s que meritorio 4\u00b0 puesto.<\/p>\n<p>&nbsp;<\/p>\n<p>Tambi\u00e9n merece menci\u00f3n lo hecho por Agustin Lamique en Ajedrez, que se ubic\u00f3 sexto en la clasificaci\u00f3n final de su categor\u00eda.<\/p>\n<p>&nbsp;<\/p>\n<p>Por \u00faltimo, vale dar cuenta que Olavarr\u00eda tambi\u00e9n tuvo participaci\u00f3n en Cultura, puntualmente en narraci\u00f3n oral, con Nicol\u00e1s Leiva.<\/p>\n<p>&nbsp;<\/p>\n<h6><strong>Jueves de definiciones<\/strong><\/h6>\n<p>&nbsp;<\/p>\n<p>Dos de ellos ser\u00e1n los representantes del p\u00e1del local, quienes aseguraron su presencia en la final luego de derrotar a La Plata en sets corridos (7-5, 6-2).<\/p>\n<p>&nbsp;<\/p>\n<p>Las chicas del v\u00f3ley de la Escuela Cristiana Evang\u00e9lica, categor\u00eda Sub13, tambi\u00e9n pasaron a la final tras una ajustada semifinal contra Pila, que se decidi\u00f3 en tres parciales.<\/p>\n<p>&nbsp;<\/p>\n<p>Siguiendo con el v\u00f3ley, las chicas de la Escuela Normal jugar\u00e1n por el tercer puesto en la categor\u00eda escolar Sub18. Tambi\u00e9n ser\u00e1 por el bronce el partido que disputar\u00e1 el equipo de B\u00e1squet 3\u00d73 Universitario.<\/p>\n<p>&nbsp;<\/p>\n<p>Adem\u00e1s, vale mencionar que Valentino Rossi, el representante local de Tiro, tendr\u00e1 este jueves el \u00faltimo d\u00eda de competencia.<\/p>\n<p>&nbsp;<\/p>\n<p><strong>Vale destacar que el reste de la delegaci\u00f3n olavarriense emprender\u00e1 el regreso a la ciudad este jueves a partir de las 17:00.<\/strong><\/p>\n<p>&nbsp;<\/p>\n<p><strong>*Gentileza de Agencia de Comunicaci\u00f3n de la Municipalidad de Olavarr\u00eda<\/strong>.<\/p>\n","protected":false},"excerpt":{"rendered":"<p>Los Juegos Bonaerenses disputados en Mar del Plata entraron en etapa de definiciones en la jornada de este mi\u00e9rcoles y<\/p>\n","protected":false},"author":96739694,"featured_media":149269,"comment_status":"closed","ping_status":"closed","sticky":false,"template":"","format":"standard","meta":{"_jetpack_memberships_contains_paid_content":false,"footnotes":""},"categories":[30,1],"tags":[],"class_list":["post-139434","post","type-post","status-publish","format-standard","has-post-thumbnail","hentry","category-polideportivo","category-portada"],"jetpack_featured_media_url":"https:\/\/i0.wp.com\/cdnoticias.com\/wp-content\/uploads\/2022\/10\/WhatsApp-Image-2022-10-05-at-19.30.56.jpeg?fit=1040%2C585&ssl=1","jetpack_sharing_enabled":true,"_links":{"self":[{"href":"https:\/\/cdnoticias.com\/index.php\/wp-json\/wp\/v2\/posts\/139434","targetHints":{"allow":["GET"]}}],"collection":[{"href":"https:\/\/cdnoticias.com\/index.php\/wp-json\/wp\/v2\/posts"}],"about":[{"href":"https:\/\/cdnoticias.com\/index.php\/wp-json\/wp\/v2\/types\/post"}],"author":[{"embeddable":true,"href":"https:\/\/cdnoticias.com\/index.php\/wp-json\/wp\/v2\/users\/96739694"}],"replies":[{"embeddable":true,"href":"https:\/\/cdnoticias.com\/index.php\/wp-json\/wp\/v2\/comments?post=139434"}],"version-history":[{"count":0,"href":"https:\/\/cdnoticias.com\/index.php\/wp-json\/wp\/v2\/posts\/139434\/revisions"}],"wp:featuredmedia":[{"embeddable":true,"href":"https:\/\/cdnoticias.com\/index.php\/wp-json\/wp\/v2\/media\/149269"}],"wp:attachment":[{"href":"https:\/\/cdnoticias.com\/index.php\/wp-json\/wp\/v2\/media?parent=139434"}],"wp:term":[{"taxonomy":"category","embeddable":true,"href":"https:\/\/cdnoticias.com\/index.php\/wp-json\/wp\/v2\/categories?post=139434"},{"taxonomy":"post_tag","embeddable":true,"href":"https:\/\/cdnoticias.com\/index.php\/wp-json\/wp\/v2\/tags?post=139434"}],"curies":[{"name":"wp","href":"https:\/\/api.w.org\/{rel}","templated":true}]}}