{"id":139412,"date":"2022-10-03T20:20:13","date_gmt":"2022-10-03T23:20:13","guid":{"rendered":"http:\/\/centraldeportes.com.ar\/?p=24218"},"modified":"2025-02-02T13:51:41","modified_gmt":"2025-02-02T16:51:41","slug":"todo-listo-para-el-inicio-del-torneo-de-clubes-de-la-federacion","status":"publish","type":"post","link":"https:\/\/cdnoticias.com\/index.php\/2022\/10\/03\/todo-listo-para-el-inicio-del-torneo-de-clubes-de-la-federacion\/","title":{"rendered":"Todo listo para el inicio del Torneo de Clubes de la Federaci\u00f3n"},"content":{"rendered":"<p>Con d\u00edas y horarios confirmados, esta semana varios clubes olavarrienses tendr\u00e1n su debut en el torneo organizado por la Federaci\u00f3n de F\u00fatbol Bonaerense Pampeana que ser\u00e1 para las categor\u00edas Sub 13, Sub 15 y Sub 17.<!--more--><\/p>\n<hr \/>\n<p><strong>Las categor\u00edas menores de Estudiantes, Ferro, Racing, Hinojo y El Fort\u00edn tendr\u00e1n actividad regional durante esta semana<\/strong> con el arranque de la 1\u00b0 fecha del Torneo de Clubes organizado por la Federaci\u00f3n Bonaerense Pampeana.<\/p>\n<p>&nbsp;<\/p>\n<p>Por un lado, <strong>en la divisional Sub 13<\/strong>, cuatro de los representantes de la ciudad integrar\u00e1n la Zona 4 y <strong>estar\u00e1n abriendo la fecha este martes 4 desde las 14:30 horas Racing \u2013 Ferro en cancha de Embajadores<\/strong>. Completar\u00e1 el d\u00eda <strong>jueves 6 Estudiantes \u2013 Embajadores en el Parque Carlos Guerrero<\/strong> a partir de las 20:00.<\/p>\n<p>&nbsp;<\/p>\n<p>En la <strong>Sub 15<\/strong>, los clubes de Olavarr\u00eda est\u00e1n divididos en dos grupos. <strong>Por la Zona 4<\/strong>, este martes <strong>Hinojo visitar\u00e1 a Independiente de Tandil mientras que El Fort\u00edn viajar\u00e1 hasta Las Flores para enfrentar a El Taladro<\/strong> en cancha de Ferrocarril Roca. En cuanto a la<strong> Zona 5<\/strong>, <strong>Ferro tambi\u00e9n debutar\u00e1 este martes ante Argentino de Saladillo y Estudiantes \u2013 Embajadores se medir\u00e1n el jueves desde las 18:30 en el Parque Guerrero<\/strong>.<\/p>\n<p>&nbsp;<\/p>\n<p>La categor\u00eda <strong>Sub 17<\/strong>, tambi\u00e9n dividida en dos grupos para los locales, <strong>tendr\u00e1 el enfrentamiento de \u201cBataraces\u201d y \u201cCarboneros\u201d el jueves a las 17:00 por la Zona 4 y Embajadores \u2013 El Fort\u00edn el mi\u00e9rcoles a partir de las 15:00 por la Zona 5<\/strong>.<\/p>\n<p>&nbsp;<\/p>\n<p>Foto: <strong>Archivo<\/strong>.<\/p>\n","protected":false},"excerpt":{"rendered":"<p>Con d\u00edas y horarios confirmados, esta semana varios clubes olavarrienses tendr\u00e1n su debut en el torneo organizado por la Federaci\u00f3n<\/p>\n","protected":false},"author":96739694,"featured_media":149187,"comment_status":"closed","ping_status":"closed","sticky":false,"template":"","format":"standard","meta":{"_jetpack_memberships_contains_paid_content":false,"footnotes":""},"categories":[35,40,1],"tags":[],"class_list":["post-139412","post","type-post","status-publish","format-standard","has-post-thumbnail","hentry","category-futbol","category-inferiores","category-portada"],"jetpack_featured_media_url":"https:\/\/i0.wp.com\/cdnoticias.com\/wp-content\/uploads\/2022\/08\/cae-racing-inf-2.jpeg?fit=1500%2C1000&ssl=1","jetpack_sharing_enabled":true,"_links":{"self":[{"href":"https:\/\/cdnoticias.com\/index.php\/wp-json\/wp\/v2\/posts\/139412","targetHints":{"allow":["GET"]}}],"collection":[{"href":"https:\/\/cdnoticias.com\/index.php\/wp-json\/wp\/v2\/posts"}],"about":[{"href":"https:\/\/cdnoticias.com\/index.php\/wp-json\/wp\/v2\/types\/post"}],"author":[{"embeddable":true,"href":"https:\/\/cdnoticias.com\/index.php\/wp-json\/wp\/v2\/users\/96739694"}],"replies":[{"embeddable":true,"href":"https:\/\/cdnoticias.com\/index.php\/wp-json\/wp\/v2\/comments?post=139412"}],"version-history":[{"count":0,"href":"https:\/\/cdnoticias.com\/index.php\/wp-json\/wp\/v2\/posts\/139412\/revisions"}],"wp:featuredmedia":[{"embeddable":true,"href":"https:\/\/cdnoticias.com\/index.php\/wp-json\/wp\/v2\/media\/149187"}],"wp:attachment":[{"href":"https:\/\/cdnoticias.com\/index.php\/wp-json\/wp\/v2\/media?parent=139412"}],"wp:term":[{"taxonomy":"category","embeddable":true,"href":"https:\/\/cdnoticias.com\/index.php\/wp-json\/wp\/v2\/categories?post=139412"},{"taxonomy":"post_tag","embeddable":true,"href":"https:\/\/cdnoticias.com\/index.php\/wp-json\/wp\/v2\/tags?post=139412"}],"curies":[{"name":"wp","href":"https:\/\/api.w.org\/{rel}","templated":true}]}}