{"id":139407,"date":"2022-10-02T22:17:59","date_gmt":"2022-10-03T01:17:59","guid":{"rendered":"http:\/\/centraldeportes.com.ar\/?p=24195"},"modified":"2025-02-02T13:45:38","modified_gmt":"2025-02-02T16:45:38","slug":"bibiloni-fucci-y-errobidart-los-duenos-de-un-festival-de-automovilismo-en-el-amco","status":"publish","type":"post","link":"https:\/\/cdnoticias.com\/index.php\/2022\/10\/02\/bibiloni-fucci-y-errobidart-los-duenos-de-un-festival-de-automovilismo-en-el-amco\/","title":{"rendered":"Bibiloni, Fucci y Errobidart los due\u00f1os de un festival de automovilismo en el Amco"},"content":{"rendered":"<p>El Amco tuvo otro gran domingo de actividad, en una jornada fant\u00e1stica en lo clim\u00e1tico, cuatro categor\u00edas zonales brindaron espect\u00e1culo en el \u201cHermanos Emiliozzi\u201d. A la Promocional, la Monomarca y la Copa Gol del Sudeste, se sum\u00f3 la categor\u00eda Turismo Promocional del Sudeste, proveniente de la zona de la Pampa.<\/p>\n<p><!--more--><\/p>\n<hr \/>\n<p>La Monomarca 1100 fue la frutilla del postre de un gran domingo, como de costumbre la categor\u00eda brind\u00f3 un gran espect\u00e1culo y una carrera que se defini\u00f3 en el final. Emanuel Bibiloni festej\u00f3 en lo m\u00e1s alto del podio y descont\u00f3 valiosos puntos en la lucha por retener el uno.<\/p>\n<p>&nbsp;<\/p>\n<p>Gabriel Melian y Nicol\u00e1s Benito fueron los ganadores de los Sprint, por lo tanto, partieron en primera fila la final. Melian fue qui\u00e9n parti\u00f3 mejor y asumi\u00f3 el liderazgo, mientras una buena largada de Leopoldo Cirioli lo posicionaba como escolta. Detr\u00e1s eran varios los que se sumaban a la lucha y daban espect\u00e1culo, con maniobras con cuatro autos transitando a la par. Mientras Cirioli super\u00f3 a Melian y era el nuevo l\u00edder, Bibiloni ya se encontraba a los escapes de Cirioli para comenzar un duelo mano a mano por la victoria.<\/p>\n<p>&nbsp;<\/p>\n<p>[soliloquy id=&#8221;24158&#8243;]<\/p>\n<p>&nbsp;<\/p>\n<p>Se intercambiaron las posiciones y el \u00faltimo giro le otorg\u00f3 la chance a Bibiloni de llegar como escolta, y aprovechar esa \u00faltima maniobra para llegar primero a la bandera a cuadros. Puntos muy importantes para Bibiloni, y un triunfo m\u00e1s para el campe\u00f3n de la categor\u00eda. Cirioli arrib\u00f3 segundo y Facundo \u00c1lvarez fue tercer, con un Nicol\u00e1s Benito que arrib\u00f3 cuarto sin querer sumar kilos.<\/p>\n<p>&nbsp;<\/p>\n<p>Quinto fue Alan Wagner, sexto Alejandro Marcilla, s\u00e9ptimo Emiliano Juez, octavo Oscar Fornes, noveno Nicol\u00e1s Romero y d\u00e9cimo Nicol\u00e1s Mazzucchini. Mat\u00edas Olivera, Sergio Beltramella, Ricardo Lebrero, Federico Bianchi, Ra\u00fal Cobos, Jorge Rodr\u00edguez, Facundo Medina, Tom\u00e1s Nieves, Emilio S\u00e1nchez, Franco Laurenz, Mart\u00edn Zaldua y Oscar Bustos, completaron el clasificador.<\/p>\n<p>&nbsp;<\/p>\n<p>[soliloquy id=&#8221;24159&#8243;]<\/p>\n<p>&nbsp;<\/p>\n<p>En la Promocional hubo un s\u00f3lo Sprint, que fue ganado por Carlos Macaluso seguido de Bernardo Fucci, por ello ambos comenzaron desde la primera fila la final.<\/p>\n<p>&nbsp;<\/p>\n<p>La carrera comenz\u00f3 con el dominio de Macaluso, pero problemas en el Fiat del l\u00edder lo relegaron. Bernardo Fucci aprovech\u00f3 la oportunidad para asumir el liderazgo, ya con una diferencia tranquilizadora respecto de qui\u00e9n era su m\u00e1ximo perseguidor, Cristian Novillo.<\/p>\n<p>&nbsp;<\/p>\n<p>Lo giros transcurr\u00edan y mientras la lucha se daba detr\u00e1s, Fucci conduc\u00eda prolijo y sin cometer errores para poder festejar finalmente su primer triunfo en la categor\u00eda. Tantas veces se le escap\u00f3 al azule\u00f1o radicado en Olavarr\u00eda, que este domingo encontr\u00f3 su merecida victoria.<\/p>\n<p>&nbsp;<\/p>\n<p>[soliloquy id=&#8221;24160&#8243;]<\/p>\n<p>&nbsp;<\/p>\n<p>Cristian Novillo arrib\u00f3 segundo y Diego Mangieri complet\u00f3 el podio. Gustavo Pendas fue cuarto, quinto Eddie Leonetti, sexto Leo Gelso, s\u00e9ptimo Carlos Macaluso, octavo Leo S\u00e1nchez, noveno Jos\u00e9 Fern\u00e1ndez, d\u00e9cimo Mart\u00edn Collodoro, und\u00e9cimo Manuel Serra, duod\u00e9cimo Brian Stracquadaini y Ariel Eyherart cerr\u00f3 el lote de los clasificados.<\/p>\n<p>&nbsp;<\/p>\n<p>En la Copa Gol nadie pudo con Mat\u00edas Errobidart que se llev\u00f3 las dos mangas clasificatorias que disput\u00f3 la categor\u00eda. El olavarriense aprovech\u00f3 los problemas de Nano Matta, que hab\u00eda sido el poleman, y gan\u00f3 todo lo que corri\u00f3.<\/p>\n<p>&nbsp;<\/p>\n<p>A la hora de la final no tuvo rivales y pese a que Facundo Miralles lo sigui\u00f3 de cerca, el azule\u00f1o se tuvo que conformar con ser segundo. Nicol\u00e1s Villamayor complet\u00f3 el podio en una gran actuaci\u00f3n del piloto local.<\/p>\n","protected":false},"excerpt":{"rendered":"<p>El Amco tuvo otro gran domingo de actividad, en una jornada fant\u00e1stica en lo clim\u00e1tico, cuatro categor\u00edas zonales brindaron espect\u00e1culo<\/p>\n","protected":false},"author":96739694,"featured_media":149107,"comment_status":"closed","ping_status":"closed","sticky":false,"template":"","format":"standard","meta":{"_jetpack_memberships_contains_paid_content":false,"footnotes":""},"categories":[34,52,1],"tags":[],"class_list":["post-139407","post","type-post","status-publish","format-standard","has-post-thumbnail","hentry","category-automovilismo","category-vw-gol","category-portada"],"jetpack_featured_media_url":"https:\/\/i0.wp.com\/cdnoticias.com\/wp-content\/uploads\/2022\/10\/promo-5.jpeg?fit=1280%2C853&ssl=1","jetpack_sharing_enabled":true,"_links":{"self":[{"href":"https:\/\/cdnoticias.com\/index.php\/wp-json\/wp\/v2\/posts\/139407","targetHints":{"allow":["GET"]}}],"collection":[{"href":"https:\/\/cdnoticias.com\/index.php\/wp-json\/wp\/v2\/posts"}],"about":[{"href":"https:\/\/cdnoticias.com\/index.php\/wp-json\/wp\/v2\/types\/post"}],"author":[{"embeddable":true,"href":"https:\/\/cdnoticias.com\/index.php\/wp-json\/wp\/v2\/users\/96739694"}],"replies":[{"embeddable":true,"href":"https:\/\/cdnoticias.com\/index.php\/wp-json\/wp\/v2\/comments?post=139407"}],"version-history":[{"count":0,"href":"https:\/\/cdnoticias.com\/index.php\/wp-json\/wp\/v2\/posts\/139407\/revisions"}],"wp:featuredmedia":[{"embeddable":true,"href":"https:\/\/cdnoticias.com\/index.php\/wp-json\/wp\/v2\/media\/149107"}],"wp:attachment":[{"href":"https:\/\/cdnoticias.com\/index.php\/wp-json\/wp\/v2\/media?parent=139407"}],"wp:term":[{"taxonomy":"category","embeddable":true,"href":"https:\/\/cdnoticias.com\/index.php\/wp-json\/wp\/v2\/categories?post=139407"},{"taxonomy":"post_tag","embeddable":true,"href":"https:\/\/cdnoticias.com\/index.php\/wp-json\/wp\/v2\/tags?post=139407"}],"curies":[{"name":"wp","href":"https:\/\/api.w.org\/{rel}","templated":true}]}}