{"id":139401,"date":"2022-10-02T16:15:14","date_gmt":"2022-10-02T19:15:14","guid":{"rendered":"http:\/\/centraldeportes.com.ar\/?p=24122"},"modified":"2025-02-02T13:43:22","modified_gmt":"2025-02-02T16:43:22","slug":"olavarria-se-subio-al-podio-en-la-copa-heroina-de-malvinas","status":"publish","type":"post","link":"https:\/\/cdnoticias.com\/index.php\/2022\/10\/02\/olavarria-se-subio-al-podio-en-la-copa-heroina-de-malvinas\/","title":{"rendered":"Olavarr\u00eda se subi\u00f3 al podio en la \u201cCopa Hero\u00edna de Malvinas\u201d"},"content":{"rendered":"<p>Este domingo en el Jos\u00e9 Mar\u00eda Minella de Mar del Plata se defini\u00f3 el Torneo Igualdad \u201cCopa Hero\u00ednas de Malvinas\u201d y la Selecci\u00f3n de Olavarr\u00eda se subi\u00f3 al podio al derrotar a Necochea por 3 a 2.<\/p>\n<p><!--more--><\/p>\n<hr \/>\n<p>En un partido que no hab\u00eda empezado bien para las representantes de la Liga de F\u00fatbol de Olavarr\u00eda, termin\u00f3 siendo triunfo con los goles en la segunda mitad de Daiana Leonardo, Nadia Lucio y Luz Bulant.<\/p>\n<p>&nbsp;<\/p>\n<p>La competencia organizada por el Ministerio de Mujeres, G\u00e9neros y Diversidades lleg\u00f3 a su fin este domingo en el estadio mundialista y Olavarr\u00eda termin\u00f3 en el tercer lugar del podio.<\/p>\n","protected":false},"excerpt":{"rendered":"<p>Este domingo en el Jos\u00e9 Mar\u00eda Minella de Mar del Plata se defini\u00f3 el Torneo Igualdad \u201cCopa Hero\u00ednas de Malvinas\u201d<\/p>\n","protected":false},"author":96739694,"featured_media":149035,"comment_status":"closed","ping_status":"closed","sticky":false,"template":"","format":"standard","meta":{"_jetpack_memberships_contains_paid_content":false,"footnotes":""},"categories":[47,35,1],"tags":[],"class_list":["post-139401","post","type-post","status-publish","format-standard","has-post-thumbnail","hentry","category-femenino","category-futbol","category-portada"],"jetpack_featured_media_url":"https:\/\/i0.wp.com\/cdnoticias.com\/wp-content\/uploads\/2022\/10\/WhatsApp-Image-2022-10-02-at-13.26.53.jpeg?fit=1080%2C608&ssl=1","jetpack_sharing_enabled":true,"_links":{"self":[{"href":"https:\/\/cdnoticias.com\/index.php\/wp-json\/wp\/v2\/posts\/139401","targetHints":{"allow":["GET"]}}],"collection":[{"href":"https:\/\/cdnoticias.com\/index.php\/wp-json\/wp\/v2\/posts"}],"about":[{"href":"https:\/\/cdnoticias.com\/index.php\/wp-json\/wp\/v2\/types\/post"}],"author":[{"embeddable":true,"href":"https:\/\/cdnoticias.com\/index.php\/wp-json\/wp\/v2\/users\/96739694"}],"replies":[{"embeddable":true,"href":"https:\/\/cdnoticias.com\/index.php\/wp-json\/wp\/v2\/comments?post=139401"}],"version-history":[{"count":0,"href":"https:\/\/cdnoticias.com\/index.php\/wp-json\/wp\/v2\/posts\/139401\/revisions"}],"wp:featuredmedia":[{"embeddable":true,"href":"https:\/\/cdnoticias.com\/index.php\/wp-json\/wp\/v2\/media\/149035"}],"wp:attachment":[{"href":"https:\/\/cdnoticias.com\/index.php\/wp-json\/wp\/v2\/media?parent=139401"}],"wp:term":[{"taxonomy":"category","embeddable":true,"href":"https:\/\/cdnoticias.com\/index.php\/wp-json\/wp\/v2\/categories?post=139401"},{"taxonomy":"post_tag","embeddable":true,"href":"https:\/\/cdnoticias.com\/index.php\/wp-json\/wp\/v2\/tags?post=139401"}],"curies":[{"name":"wp","href":"https:\/\/api.w.org\/{rel}","templated":true}]}}