{"id":139389,"date":"2022-10-01T11:34:01","date_gmt":"2022-10-01T14:34:01","guid":{"rendered":"http:\/\/centraldeportes.com.ar\/?p=24036"},"modified":"2025-02-02T13:41:40","modified_gmt":"2025-02-02T16:41:40","slug":"gonzalo-andresen-festejo-en-el-fortin-volvio-al-triunfo-por-ko","status":"publish","type":"post","link":"https:\/\/cdnoticias.com\/index.php\/2022\/10\/01\/gonzalo-andresen-festejo-en-el-fortin-volvio-al-triunfo-por-ko\/","title":{"rendered":"Gonzalo Andresen festej\u00f3 en El Fort\u00edn: volvi\u00f3 al triunfo por KO"},"content":{"rendered":"<p>Pas\u00f3 un nuevo festival por el sal\u00f3n de fiestas del Club El Fort\u00edn y en la pelea profesional de la noche, Gonzalo Andreasen volvi\u00f3 al triunfo al derrotar por KO a Dami\u00e1n Segovia.<!--more--><\/p>\n<hr \/>\n<p>Organizado por Carlos L\u00f3pez y Ariel Salazar y fiscalizado\u00a0 por la Comisi\u00f3n Municipal de Box, se llev\u00f3 a cabo un nuevo festival de boxeo que cont\u00f3 con un programa de 11 peleas amateurs -entre ellos varios locales- y el cierre profesional con la revancha entre Gonzalo Andreasen y Dami\u00e1n Segovia que fue triunfo para \u201cLa Pantera\u201d\u00a0 por KO en el segundo round en la categor\u00eda Supermediano.<\/p>\n<p>&nbsp;<\/p>\n<p>Con esta victoria por la v\u00eda r\u00e1pida, el azule\u00f1o radicado en Olavarr\u00eda sum\u00f3 su 9\u00b0 triunfo en su carrera profesional.<\/p>\n<p>&nbsp;<\/p>\n<p>Adem\u00e1s, en los duelos amateurs hubo varios cinturones de la Federaci\u00f3n Bonaerense que se pusieron en juego.<\/p>\n<p>&nbsp;<\/p>\n<p>[soliloquy id=&#8221;24012&#8243;]<\/p>\n<p>&nbsp;<\/p>\n<p>Los resultados:<\/p>\n<p>&nbsp;<\/p>\n<p>Amateur<\/p>\n<p>\u2013 Enzo David Kapusi (Pilar) se impuso a Genaro Bulant (Oto Box de Olavarr\u00eda)<\/p>\n<p>\u2013 Gabriel Abadie (Azul) perdi\u00f3 ante Tom\u00e1s Coca (Escuela \u201cTurco\u201d Cucaresse de Olavarr\u00eda) por el cintur\u00f3n de la Liga Bonaerense<\/p>\n<p>\u2013 Johana Fern\u00e1ndez (Mar del Plata) cay\u00f3 ante Mar\u00eda Luz D\u00edaz (Benito Ju\u00e1rez)<\/p>\n<p>\u2013 Braian Vallejos (Mar del Plata) derrot\u00f3 a Ezequiel Villar (Azul)<\/p>\n<p>\u2013 Lautaro Cepeda (Oto Box) fue derrotado por Lautaro Aguirre (Azul), por el cintur\u00f3n de la Liga Bonaerense<\/p>\n<p>\u2013 Thiago Mendoza (Barrag\u00e1n Box de Olavarr\u00eda) venci\u00f3 a Jos\u00e9 Mart\u00ednez Villar (Rep\u00fablica Dominicana, radicado en Bol\u00edvar)<\/p>\n<p>\u2013 Mariana L\u00f3pez (Oto Box) cay\u00f3 ante Abigail Lorenzo (Mar del Plata)<\/p>\n<p>Iara Benito (FB Box de Olavarr\u00eda) vs. Nahomi Aguirre (Villa Gesell), hasta 49 kgs.<\/p>\n<p>\u2013 Franco Teves (Oto Box) se impuso por RSC ante Alejandro Garc\u00eda (Coronel Pringles), por el cintur\u00f3n de la Liga Bonaerense<\/p>\n<p>\u2013 Franco Cejas (Oto Box) perdi\u00f3 ante Santiago Sandoval (Mar del Plata), por el cintur\u00f3n de la Liga Bonaerense<\/p>\n<p>\u2013 Kevin G\u00f3mez (de Balcarce, representa a Matadero Box) le gan\u00f3 a Ezequiel Guayquifil (Carmen de Patagones), por el cintur\u00f3n Interprovincial de la Liga Bonaerense.<\/p>\n","protected":false},"excerpt":{"rendered":"<p>Pas\u00f3 un nuevo festival por el sal\u00f3n de fiestas del Club El Fort\u00edn y en la pelea profesional de la<\/p>\n","protected":false},"author":96739694,"featured_media":149002,"comment_status":"closed","ping_status":"closed","sticky":false,"template":"","format":"standard","meta":{"_jetpack_memberships_contains_paid_content":false,"footnotes":""},"categories":[30,1],"tags":[],"class_list":["post-139389","post","type-post","status-publish","format-standard","has-post-thumbnail","hentry","category-polideportivo","category-portada"],"jetpack_featured_media_url":"https:\/\/i0.wp.com\/cdnoticias.com\/wp-content\/uploads\/2022\/10\/boxeo-13.jpeg?fit=1280%2C853&ssl=1","jetpack_sharing_enabled":true,"_links":{"self":[{"href":"https:\/\/cdnoticias.com\/index.php\/wp-json\/wp\/v2\/posts\/139389","targetHints":{"allow":["GET"]}}],"collection":[{"href":"https:\/\/cdnoticias.com\/index.php\/wp-json\/wp\/v2\/posts"}],"about":[{"href":"https:\/\/cdnoticias.com\/index.php\/wp-json\/wp\/v2\/types\/post"}],"author":[{"embeddable":true,"href":"https:\/\/cdnoticias.com\/index.php\/wp-json\/wp\/v2\/users\/96739694"}],"replies":[{"embeddable":true,"href":"https:\/\/cdnoticias.com\/index.php\/wp-json\/wp\/v2\/comments?post=139389"}],"version-history":[{"count":0,"href":"https:\/\/cdnoticias.com\/index.php\/wp-json\/wp\/v2\/posts\/139389\/revisions"}],"wp:featuredmedia":[{"embeddable":true,"href":"https:\/\/cdnoticias.com\/index.php\/wp-json\/wp\/v2\/media\/149002"}],"wp:attachment":[{"href":"https:\/\/cdnoticias.com\/index.php\/wp-json\/wp\/v2\/media?parent=139389"}],"wp:term":[{"taxonomy":"category","embeddable":true,"href":"https:\/\/cdnoticias.com\/index.php\/wp-json\/wp\/v2\/categories?post=139389"},{"taxonomy":"post_tag","embeddable":true,"href":"https:\/\/cdnoticias.com\/index.php\/wp-json\/wp\/v2\/tags?post=139389"}],"curies":[{"name":"wp","href":"https:\/\/api.w.org\/{rel}","templated":true}]}}