{"id":139382,"date":"2023-03-24T15:12:59","date_gmt":"2023-03-24T18:12:59","guid":{"rendered":"http:\/\/centraldeportes.com.ar\/?p=32557"},"modified":"2025-02-11T13:35:33","modified_gmt":"2025-02-11T16:35:33","slug":"manuel-corsico-y-lujan-urrutia-fueron-los-primeros-del-cross-country","status":"publish","type":"post","link":"https:\/\/cdnoticias.com\/index.php\/2023\/03\/24\/manuel-corsico-y-lujan-urrutia-fueron-los-primeros-del-cross-country\/","title":{"rendered":"Manuel C\u00f3rsico y Luj\u00e1n Urrutia fueron los primeros del Cross Country"},"content":{"rendered":"<p>Este viernes feriado por la ma\u00f1ana, en las inmediaciones del Complejo Recreativo Sindical, se corri\u00f3 la \u00a0tradicional competencia atl\u00e9tica organizada por el Sindicato de Trabajadores Municipales de Olavarr\u00eda. Hubo m\u00e1s de 170 atletas y participantes entre las dos pruebas programadas.<!--more--><\/p>\n<hr \/>\n<p>Como viene siendo alusivo a la fecha del<strong> 24 de marzo<\/strong>, durante la ma\u00f1ana gris de este viernes se desarroll\u00f3 la <strong>4\u00b0 Edici\u00f3n del Cross Country \u201cD\u00eda de la Memoria\u201d<\/strong> organizado por el <strong>Sindicato de Municipales<\/strong> (STMO) y fiscalizado por el <strong>C\u00edrculo de Atletas Veteranos de Olavarr\u00eda<\/strong> (CAVO).<\/p>\n<p>&nbsp;<\/p>\n<p>La competencia tuvo como punto de partida y de llegada el Complejo Recreativo Sindical y se extendi\u00f3 por terrenos inmediatos al lugar. A su vez, <strong>m\u00e1s de 170 atletas y participantes de Olavarr\u00eda y la Regi\u00f3n se congregaron para competir en las pruebas de 3K (participativa) y la de 10K (principal)<\/strong>.<\/p>\n<p>&nbsp;<\/p>\n<p>Al cabo de la media hora de largada la carrera, comenzaron a llegar los primeros competidores \u2013 inscriptos en la categor\u00eda principal \u2013 a la l\u00ednea de meta. <strong>En Varones, el ganador fue el lapridense, Manuel C\u00f3rsico, con un tiempo de 31:13<\/strong>. <strong>Lo sigui\u00f3 de cerquita el olavarriense, Gustavo Fern\u00e1ndez que promedi\u00f3 31:25<\/strong> y <strong>Guillermo Funaro<\/strong>, de Tandil, complet\u00f3 el \u00faltimo escal\u00f3n del podio (31:35).<\/p>\n<p>&nbsp;<\/p>\n<p>[soliloquy id=&#8221;32535&#8243;]<\/p>\n<p>&nbsp;<\/p>\n<p>Asimismo, completaron la n\u00f3mina de los cinco primeros <strong>Juan Redolatti<\/strong>, de Tandil, en la cuarta posici\u00f3n (31:46) y <strong>Emanuel Ance<\/strong>, de la misma ciudad, lleg\u00f3 quinto con un tiempo de 32: 43.<\/p>\n<p>&nbsp;<\/p>\n<p>Por otro lado, <strong>en Damas<\/strong>, las primeras dos ubicaciones fueron muy re\u00f1idas y finalmente por dos d\u00e9cimas <strong>la victoria qued\u00f3 para la tandilense Luj\u00e1n Urrutia, quien promedi\u00f3 37:11 en el cron\u00f3metro<\/strong>. La atleta que dio pelea, <strong>Karen Cejas (Mar del Plata) qued\u00f3 en la segunda posici\u00f3n con 37:13<\/strong>.<\/p>\n<p>&nbsp;<\/p>\n<p>M\u00e1s adelante, para el \u00faltimo escal\u00f3n del podio lleg\u00f3 la marplatense <strong>Noel\u00ed Vicent\u00edn<\/strong>, con un tiempo de 37:33 y <strong>le sigui\u00f3 en la cuarta posici\u00f3n la olavarriense Cecilia Fern\u00e1ndez con un promedio de 38:18<\/strong>. Consecuentemente, arrib\u00f3 quinta a la meta Bel\u00e9n Iardino, oriunda de Tres Arroyos (39:28).<\/p>\n","protected":false},"excerpt":{"rendered":"<p>Este viernes feriado por la ma\u00f1ana, en las inmediaciones del Complejo Recreativo Sindical, se corri\u00f3 la \u00a0tradicional competencia atl\u00e9tica organizada<\/p>\n","protected":false},"author":96739694,"featured_media":154154,"comment_status":"closed","ping_status":"closed","sticky":false,"template":"","format":"standard","meta":{"_jetpack_memberships_contains_paid_content":false,"footnotes":""},"categories":[38,1],"tags":[],"class_list":["post-139382","post","type-post","status-publish","format-standard","has-post-thumbnail","hentry","category-pedestrismo","category-portada"],"jetpack_featured_media_url":"https:\/\/i0.wp.com\/cdnoticias.com\/wp-content\/uploads\/2023\/03\/cross-stno-3.jpeg?fit=1280%2C861&ssl=1","jetpack_sharing_enabled":true,"_links":{"self":[{"href":"https:\/\/cdnoticias.com\/index.php\/wp-json\/wp\/v2\/posts\/139382","targetHints":{"allow":["GET"]}}],"collection":[{"href":"https:\/\/cdnoticias.com\/index.php\/wp-json\/wp\/v2\/posts"}],"about":[{"href":"https:\/\/cdnoticias.com\/index.php\/wp-json\/wp\/v2\/types\/post"}],"author":[{"embeddable":true,"href":"https:\/\/cdnoticias.com\/index.php\/wp-json\/wp\/v2\/users\/96739694"}],"replies":[{"embeddable":true,"href":"https:\/\/cdnoticias.com\/index.php\/wp-json\/wp\/v2\/comments?post=139382"}],"version-history":[{"count":0,"href":"https:\/\/cdnoticias.com\/index.php\/wp-json\/wp\/v2\/posts\/139382\/revisions"}],"wp:featuredmedia":[{"embeddable":true,"href":"https:\/\/cdnoticias.com\/index.php\/wp-json\/wp\/v2\/media\/154154"}],"wp:attachment":[{"href":"https:\/\/cdnoticias.com\/index.php\/wp-json\/wp\/v2\/media?parent=139382"}],"wp:term":[{"taxonomy":"category","embeddable":true,"href":"https:\/\/cdnoticias.com\/index.php\/wp-json\/wp\/v2\/categories?post=139382"},{"taxonomy":"post_tag","embeddable":true,"href":"https:\/\/cdnoticias.com\/index.php\/wp-json\/wp\/v2\/tags?post=139382"}],"curies":[{"name":"wp","href":"https:\/\/api.w.org\/{rel}","templated":true}]}}