{"id":139377,"date":"2023-03-23T19:43:01","date_gmt":"2023-03-23T22:43:01","guid":{"rendered":"http:\/\/centraldeportes.com.ar\/?p=32515"},"modified":"2025-02-11T13:35:43","modified_gmt":"2025-02-11T16:35:43","slug":"las-mujeres-de-el-fortin-jugaron-un-amistoso-y-los-varones-debutan","status":"publish","type":"post","link":"https:\/\/cdnoticias.com\/index.php\/2023\/03\/23\/las-mujeres-de-el-fortin-jugaron-un-amistoso-y-los-varones-debutan\/","title":{"rendered":"Las mujeres de El Fort\u00edn jugaron un amistoso y los varones debutan"},"content":{"rendered":"<p>El Fort\u00edn, con su primer equipo de mujeres, sum\u00f3 su primer partido amistoso en Azul.<!--more--><\/p>\n<hr \/>\n<p>Las \u201cFortineras\u201d, \u00fanico equipo que representa a la ciudad en la disciplina, enfrent\u00f3 a Azul Rugby en su primer amistoso y las conclusiones post partido fueron m\u00e1s que positivas.<\/p>\n<p>&nbsp;<\/p>\n<p>Por otro lado, los representantes de El Fort\u00edn arrancan con el Torneo Preparaci\u00f3n. Ser\u00e1 en condici\u00f3n de visitante enfrentando a Los Indios en Bol\u00edvar.<\/p>\n<p>&nbsp;<\/p>\n<p>Adem\u00e1s, en la zona, est\u00e1 Azul Rugby y esta etapa es clasificatoria para la Copa Preparaci\u00f3n.<\/p>\n","protected":false},"excerpt":{"rendered":"<p>El Fort\u00edn, con su primer equipo de mujeres, sum\u00f3 su primer partido amistoso en Azul.<\/p>\n","protected":false},"author":96739694,"featured_media":154168,"comment_status":"closed","ping_status":"closed","sticky":false,"template":"","format":"standard","meta":{"_jetpack_memberships_contains_paid_content":false,"footnotes":""},"categories":[30,1],"tags":[],"class_list":["post-139377","post","type-post","status-publish","format-standard","has-post-thumbnail","hentry","category-polideportivo","category-portada"],"jetpack_featured_media_url":"https:\/\/i0.wp.com\/cdnoticias.com\/wp-content\/uploads\/2023\/03\/337430527_534435505479266_1727858641027967488_n-e1679611365619.jpg?fit=1080%2C664&ssl=1","jetpack_sharing_enabled":true,"_links":{"self":[{"href":"https:\/\/cdnoticias.com\/index.php\/wp-json\/wp\/v2\/posts\/139377","targetHints":{"allow":["GET"]}}],"collection":[{"href":"https:\/\/cdnoticias.com\/index.php\/wp-json\/wp\/v2\/posts"}],"about":[{"href":"https:\/\/cdnoticias.com\/index.php\/wp-json\/wp\/v2\/types\/post"}],"author":[{"embeddable":true,"href":"https:\/\/cdnoticias.com\/index.php\/wp-json\/wp\/v2\/users\/96739694"}],"replies":[{"embeddable":true,"href":"https:\/\/cdnoticias.com\/index.php\/wp-json\/wp\/v2\/comments?post=139377"}],"version-history":[{"count":0,"href":"https:\/\/cdnoticias.com\/index.php\/wp-json\/wp\/v2\/posts\/139377\/revisions"}],"wp:featuredmedia":[{"embeddable":true,"href":"https:\/\/cdnoticias.com\/index.php\/wp-json\/wp\/v2\/media\/154168"}],"wp:attachment":[{"href":"https:\/\/cdnoticias.com\/index.php\/wp-json\/wp\/v2\/media?parent=139377"}],"wp:term":[{"taxonomy":"category","embeddable":true,"href":"https:\/\/cdnoticias.com\/index.php\/wp-json\/wp\/v2\/categories?post=139377"},{"taxonomy":"post_tag","embeddable":true,"href":"https:\/\/cdnoticias.com\/index.php\/wp-json\/wp\/v2\/tags?post=139377"}],"curies":[{"name":"wp","href":"https:\/\/api.w.org\/{rel}","templated":true}]}}