{"id":139359,"date":"2023-03-20T23:27:33","date_gmt":"2023-03-21T02:27:33","guid":{"rendered":"http:\/\/centraldeportes.com.ar\/?p=32360"},"modified":"2025-02-11T13:34:17","modified_gmt":"2025-02-11T16:34:17","slug":"la-liga-zonal-de-menores-arranco-el-ano-en-azul-y-tandil","status":"publish","type":"post","link":"https:\/\/cdnoticias.com\/index.php\/2023\/03\/20\/la-liga-zonal-de-menores-arranco-el-ano-en-azul-y-tandil\/","title":{"rendered":"La Liga Zonal de Menores arranc\u00f3 el a\u00f1o en Azul y Tandil"},"content":{"rendered":"<p>El pasado fin de semana, en Azul y Tandil arranc\u00f3 la competencia de la Liga Zonal de Menores organizada por la Asociaci\u00f3n Olavarriense de V\u00f3ley.<!--more--><\/p>\n<hr \/>\n<p>En formato tira, las categor\u00edas sub12, sub14, sub16 y sub18 femeninas comenzaron la competencia 2023 en los gimnasios de Bancario, Independiente y Uni\u00f3n y Progreso.<\/p>\n<p>&nbsp;<\/p>\n<p>En la vecina localidad de Azul jugaron Azul V\u00f3ley, Las Flores, Pueblo Nuevo y Racing y en Tandil lo hicieron los locales frente a las tiras A y B de Estudiantes.<\/p>\n<p>&nbsp;<\/p>\n\n<p>&nbsp;<\/p>\n<p>Los resultados:<\/p>\n<p>Azul:<\/p>\n<p>Sub12<\/p>\n<p>Azul V\u00f3ley 1-2 Pueblo Nuevo<\/p>\n<p>Las Flores 1-2 RAC<\/p>\n<p>Azul V\u00f3ley 3-0 RAC<\/p>\n<p>Las Flores 0-3 Pueblo Nuevo<\/p>\n<p>Sub14<\/p>\n<p>Azul V\u00f3ley 0-3 Pueblo Nuevo A<\/p>\n<p>Las Flores 1-2 RAC<\/p>\n<p>Azul V\u00f3ley 1-2 RAC<\/p>\n<p>Las Flores 0-3 Pueblo Nuevo A<\/p>\n<p>Las Flores 1-2 Pueblo Nuevo B<\/p>\n<p>Azul V\u00f3ley 1-2 Pueblo Nuevo B<\/p>\n<p>Sub16<\/p>\n<p>Azul V\u00f3ley 2-1 Pueblo Nuevo<\/p>\n<p>Las Flores 2-1 RAC<\/p>\n<p>Azul V\u00f3ley 2-1 RAC<\/p>\n<p>Las Flores 0-3 Pueblo Nuevo<\/p>\n<p>Sub18<\/p>\n<p>Azul V\u00f3ley 1-2 Pueblo Nuevo<\/p>\n<p>Azul V\u00f3ley 1-2 RAC<\/p>\n<p>Tandil<\/p>\n<p>Sub12<\/p>\n<p>Independiente 1-2 CAE A<\/p>\n<p>UyP 0-3 CAE B<\/p>\n<p>Independiente 3-0 CAE B<\/p>\n<p>UyP 0-3 CAE A<\/p>\n<p>Sub14<\/p>\n<p>Independiente 0-3 CAE A<\/p>\n<p>UyP A 1-2 CAE B<\/p>\n<p>UyP B 1-2 CAE B<\/p>\n<p>Independiente 3-0 CAE B<\/p>\n<p>UyP 0-3 CAE A<\/p>\n<p>UyP 0-3 CAE A<\/p>\n<p>Sub16<\/p>\n<p>Independiente A 0-3 CAE A<\/p>\n<p>Independiente B 0-3 CAE A<\/p>\n<p>UyP 3-0 CAE B<\/p>\n<p>Independiente A 2-1 CAE B<\/p>\n<p>Independiente B 1-2 CAE B<\/p>\n<p>UyP 0-3 CAE A<\/p>\n<p>Sub18<\/p>\n<p>Independiente 1-2 CAE<\/p>\n<p>UyP 0-3 CAE<\/p>\n","protected":false},"excerpt":{"rendered":"<p>El pasado fin de semana, en Azul y Tandil arranc\u00f3 la competencia de la Liga Zonal de Menores organizada por<\/p>\n","protected":false},"author":96739694,"featured_media":154104,"comment_status":"closed","ping_status":"closed","sticky":false,"template":"","format":"standard","meta":{"_jetpack_memberships_contains_paid_content":false,"footnotes":""},"categories":[30,1],"tags":[],"class_list":["post-139359","post","type-post","status-publish","format-standard","has-post-thumbnail","hentry","category-polideportivo","category-portada"],"jetpack_featured_media_url":"https:\/\/i0.wp.com\/cdnoticias.com\/wp-content\/uploads\/2023\/03\/336742167_874244000305745_1892145269538436943_n.jpg?fit=1080%2C894&ssl=1","jetpack_sharing_enabled":true,"_links":{"self":[{"href":"https:\/\/cdnoticias.com\/index.php\/wp-json\/wp\/v2\/posts\/139359","targetHints":{"allow":["GET"]}}],"collection":[{"href":"https:\/\/cdnoticias.com\/index.php\/wp-json\/wp\/v2\/posts"}],"about":[{"href":"https:\/\/cdnoticias.com\/index.php\/wp-json\/wp\/v2\/types\/post"}],"author":[{"embeddable":true,"href":"https:\/\/cdnoticias.com\/index.php\/wp-json\/wp\/v2\/users\/96739694"}],"replies":[{"embeddable":true,"href":"https:\/\/cdnoticias.com\/index.php\/wp-json\/wp\/v2\/comments?post=139359"}],"version-history":[{"count":0,"href":"https:\/\/cdnoticias.com\/index.php\/wp-json\/wp\/v2\/posts\/139359\/revisions"}],"wp:featuredmedia":[{"embeddable":true,"href":"https:\/\/cdnoticias.com\/index.php\/wp-json\/wp\/v2\/media\/154104"}],"wp:attachment":[{"href":"https:\/\/cdnoticias.com\/index.php\/wp-json\/wp\/v2\/media?parent=139359"}],"wp:term":[{"taxonomy":"category","embeddable":true,"href":"https:\/\/cdnoticias.com\/index.php\/wp-json\/wp\/v2\/categories?post=139359"},{"taxonomy":"post_tag","embeddable":true,"href":"https:\/\/cdnoticias.com\/index.php\/wp-json\/wp\/v2\/tags?post=139359"}],"curies":[{"name":"wp","href":"https:\/\/api.w.org\/{rel}","templated":true}]}}