{"id":139352,"date":"2023-03-20T03:49:46","date_gmt":"2023-03-20T06:49:46","guid":{"rendered":"http:\/\/centraldeportes.com.ar\/?p=32298"},"modified":"2025-02-11T13:34:32","modified_gmt":"2025-02-11T16:34:32","slug":"primera-nacional-cardillo-tuvo-minutos-y-pietrobono-debuto-en-la-temporada","status":"publish","type":"post","link":"https:\/\/cdnoticias.com\/index.php\/2023\/03\/20\/primera-nacional-cardillo-tuvo-minutos-y-pietrobono-debuto-en-la-temporada\/","title":{"rendered":"Primera Nacional: Cardillo tuvo minutos y Pietrobono debut\u00f3 en la temporada"},"content":{"rendered":"<p>Con acci\u00f3n para dos de los cinco representantes olavarrienses, la segunda categor\u00eda del f\u00fatbol argentino disput\u00f3 este fin de semana gran parte de la 7\u00b0 fecha en la Zona A y la 6\u00b0 en la B. El arquero olavarriense que juega en el \u201cDefe\u201d fue titular por primera vez en el campeonato.<!--more--><\/p>\n<hr \/>\n<p>La <strong>principal categor\u00eda del ascenso nacional<\/strong> inicio este fin de semana una nueva jornada de f\u00fatbol con acci\u00f3n en las dos zonas. De la misma solo <strong>participaron dos de los cincos futbolistas olavarrienses<\/strong> que militan en clubes de la divisi\u00f3n, siendo <strong>Mauricio Cardillo e Ignacio Pietrobono<\/strong> los \u00fanicos con minutos en cancha.<\/p>\n<p>&nbsp;<\/p>\n<p>El s\u00e1bado, en Mataderos, <strong>Nueva Chicago recibi\u00f3 en su cancha a Agropecuario pero tuvo un traspi\u00e9 y cay\u00f3 por 1 a 0<\/strong>. <strong>En el \u201cSojero\u201d no estuvo citado Edgardo Maldonado<\/strong>, mientras que en el \u201cTorito\u201d, <strong>Mauricio Cardillo<\/strong> comenz\u00f3 en el banco de suplentes y luego <strong>ingres\u00f3 a los 62\u2019<\/strong> para sustituir a Diego Mercado. Fue el cuarto partido consecutivo donde incorpor\u00f3 minutos el surgido en Embajadores.<\/p>\n<p>&nbsp;<\/p>\n<p>A su vez, este domingo, <strong>Defensores de Belgrano recibi\u00f3 en su estadio a San Mart\u00edn de San Juan en el estreno de &#8220;Nacho&#8221; Pietrobono en la temporada como arquero titular tras su vuelta<\/strong>. No obstante, el \u201cDefe\u201d volvi\u00f3 a caer y esta vez fue por 2 a 1 frente al \u201cSanto\u201d sanjuanino.<\/p>\n<p>&nbsp;<\/p>\n<p>Por otra parte, los que <strong>no volvieron a ser convocados fueron Kevin Ceceri en San Telmo<\/strong> (derrota 3 a 0 frente a Temperley)<strong> y Lucio Falasco en Aldosivi<\/strong> (cay\u00f3 2 a 0 ante Brown de Adrogu\u00e9).<\/p>\n<p>&nbsp;<\/p>\n<p><em><strong>Foto: DefeTw.<\/strong><\/em><\/p>\n","protected":false},"excerpt":{"rendered":"<p>Con acci\u00f3n para dos de los cinco representantes olavarrienses, la segunda categor\u00eda del f\u00fatbol argentino disput\u00f3 este fin de semana<\/p>\n","protected":false},"author":96739694,"featured_media":154125,"comment_status":"closed","ping_status":"closed","sticky":false,"template":"","format":"standard","meta":{"_jetpack_memberships_contains_paid_content":false,"footnotes":""},"categories":[35,37,1],"tags":[],"class_list":["post-139352","post","type-post","status-publish","format-standard","has-post-thumbnail","hentry","category-futbol","category-futbol-profesional","category-portada"],"jetpack_featured_media_url":"https:\/\/i0.wp.com\/cdnoticias.com\/wp-content\/uploads\/2023\/03\/Ignacio-Pietrobono-en-Defensores-de-Belgrano-1-e1679294772155.jpeg?fit=1030%2C678&ssl=1","jetpack_sharing_enabled":true,"_links":{"self":[{"href":"https:\/\/cdnoticias.com\/index.php\/wp-json\/wp\/v2\/posts\/139352","targetHints":{"allow":["GET"]}}],"collection":[{"href":"https:\/\/cdnoticias.com\/index.php\/wp-json\/wp\/v2\/posts"}],"about":[{"href":"https:\/\/cdnoticias.com\/index.php\/wp-json\/wp\/v2\/types\/post"}],"author":[{"embeddable":true,"href":"https:\/\/cdnoticias.com\/index.php\/wp-json\/wp\/v2\/users\/96739694"}],"replies":[{"embeddable":true,"href":"https:\/\/cdnoticias.com\/index.php\/wp-json\/wp\/v2\/comments?post=139352"}],"version-history":[{"count":0,"href":"https:\/\/cdnoticias.com\/index.php\/wp-json\/wp\/v2\/posts\/139352\/revisions"}],"wp:featuredmedia":[{"embeddable":true,"href":"https:\/\/cdnoticias.com\/index.php\/wp-json\/wp\/v2\/media\/154125"}],"wp:attachment":[{"href":"https:\/\/cdnoticias.com\/index.php\/wp-json\/wp\/v2\/media?parent=139352"}],"wp:term":[{"taxonomy":"category","embeddable":true,"href":"https:\/\/cdnoticias.com\/index.php\/wp-json\/wp\/v2\/categories?post=139352"},{"taxonomy":"post_tag","embeddable":true,"href":"https:\/\/cdnoticias.com\/index.php\/wp-json\/wp\/v2\/tags?post=139352"}],"curies":[{"name":"wp","href":"https:\/\/api.w.org\/{rel}","templated":true}]}}