{"id":139350,"date":"2023-03-20T00:50:40","date_gmt":"2023-03-20T03:50:40","guid":{"rendered":"http:\/\/centraldeportes.com.ar\/?p=32292"},"modified":"2025-02-11T13:34:34","modified_gmt":"2025-02-11T16:34:34","slug":"el-clasico-mas-convocante-quedo-tenido-de-verde-y-blanco","status":"publish","type":"post","link":"https:\/\/cdnoticias.com\/index.php\/2023\/03\/20\/el-clasico-mas-convocante-quedo-tenido-de-verde-y-blanco\/","title":{"rendered":"El cl\u00e1sico m\u00e1s convocante qued\u00f3 te\u00f1ido de verde y blanco"},"content":{"rendered":"<p>Sierra Chica lo ganaba por la m\u00ednima diferencia en el Enrique De la Quintana, pero en el complemento Hinojo sali\u00f3 con otra actitud y se lo dio vuelta 2 a 1 en menos de 15 minutos. Fue por la 4\u00b0 fecha de la Zona 6 correspondiente al Torneo de la Uni\u00f3n Deportiva Regional.<!--more--><\/p>\n<hr \/>\n<p>Uno de los <strong>enfrentamientos m\u00e1s populares de la ciudad<\/strong> tuvo rienda suelta durante la tarde de este domingo y a pesar de que la velada no cont\u00f3 con p\u00fablico visitante, el clima de cl\u00e1sico se hizo sentir igual por los cientos de hinchas \u201cAlbiverdes\u201d que coparon las inmediaciones del <strong>Enrique De la Quintana<\/strong>.<\/p>\n<p>&nbsp;<\/p>\n<p>Los rivales de toda la vida <strong>se midieron por la 4\u00b0 cita de la Zona 6 perteneciente al Torneo Interligas<\/strong> y esta vez fue <strong>Hinojo<\/strong> el due\u00f1o de los tres puntos. Es que, en l\u00edneas generales, fue el que m\u00e1s propuso dentro del terreno de juego ante un\u00a0<strong>Sierra Chica <\/strong>que\u00a0a medida que pasaron los minutos se fue desdibujando en el campo de juego.<\/p>\n<p>&nbsp;<\/p>\n<p><strong>Fue victoria 2 a 1 en cifras definitivas para los de Aranz\u00e1bal<\/strong> que festejaron con su gente el triunfo,<strong> le sacaron el invicto al cl\u00e1sico rival<\/strong> y treparon a los primeros puestos del grupo 6. <strong>Emanuel De Cort\u00e1zar hab\u00eda puesta en ventaja al elenco de la banda azul<\/strong> en el primer tiempo y luego, en el complemento,<strong> Ezequiel Amado y Joel Pois marcaron para el local.<\/strong><\/p>\n<p>&nbsp;<\/p>\n<h6><strong>El partido, los detalles<\/strong><\/h6>\n<p>&nbsp;<\/p>\n<p>No teniendo la pelota, Sierra Chica comenz\u00f3 incomodando a la defensa local siendo vertical pero se top\u00f3 con la seguridad del arquero Ferreyra. Tiempo despu\u00e9s, Hinojo hizo pie en la mitad de la cancha, domin\u00f3 la posesi\u00f3n desde los 25\u2019 y comenz\u00f3 a gravitar en terreno sierrachiquense. Incluso las tres que tuvo fue por intermedio de Mat\u00edas Da Rosa pero careci\u00f3 de profundidad.<\/p>\n<p>&nbsp;<\/p>\n<p>[soliloquy id=&#8221;32275&#8243;]<\/p>\n<p>&nbsp;<\/p>\n<p>La primera fue a los 8\u2019, con una media vuelta de zurda dentro del \u00e1rea que se perdi\u00f3 a metros del palo izquierdo. Otra en el minuto 22, donde al delantero le qued\u00f3 la pelota alta y defini\u00f3 inc\u00f3modo tras un centro de Arce y la \u00faltima a los 31\u2019 con un cabezazo desviado por la l\u00ednea de meta.<\/p>\n<p>&nbsp;<\/p>\n<h6><strong>Sierra Chica fue eficaz y se puso en ventaja<\/strong><\/h6>\n<p>El equipo de La Ferrara aprovech\u00f3 muy bien la m\u00e1s clara que gener\u00f3.<strong> Iban 36\u2019<\/strong> en el reloj,<strong> Pais corri\u00f3 hasta el fondo con el bal\u00f3n y sac\u00f3 un centro al medio del \u00e1rea, donde apareci\u00f3 Emanuel de Cort\u00e1zar y cambi\u00f3 la trayectoria del bal\u00f3n con un cabezazo cruzado para el 1 a 0 parcial a favor de la visita<\/strong>.<\/p>\n<p>&nbsp;<\/p>\n<h6>Segundo tiempo<\/h6>\n<p>&nbsp;<\/p>\n<p>El conjunto \u201cAlbiverde\u201d sali\u00f3 con otra actitud a jugar los \u00faltimos 45 minutos. Arriesg\u00f3 un poco porque adelant\u00f3 las l\u00edneas para buscar la igualdad y en el fondo qued\u00f3 pr\u00e1cticamente expuesto a los contragolpes. No obstante,<strong>\u00a0las variantes realizadas dieron resultado y cambiaron el partido, sobre todo el ingreso del desequilibrante Julio Serantes<\/strong>. Para colmo, al minuto siguiente, se lo perdi\u00f3 el reci\u00e9n ingresado Belinch\u00f3n \u2013 defini\u00f3 inc\u00f3modo \u2013 para el equipo de la localidad del granito rojo tras una gran maniobra de Guti\u00e9rrez.<\/p>\n<p>&nbsp;<\/p>\n<h6><strong>La ola verde y blanca lleg\u00f3 para revertir el marcador<\/strong><\/h6>\n<p>De pelota detenida y a los 63\u2019 lleg\u00f3 la igualdad transitoria para Hinojo.<strong> Pois ejecut\u00f3 un largo tiro libre y emergi\u00f3 por el fondo casi sin \u00e1ngulo Ezequiel Amado, quien cabece\u00f3 y en complicidad con el arquero concret\u00f3 el 1 a 1<\/strong>.<\/p>\n<p>&nbsp;<\/p>\n<p>Minutos m\u00e1s tarde, con un golazo de <strong>Joel Pois<\/strong>, el \u201cAlbiverde\u201d pas\u00f3 a ganarlo en su cancha. <strong>El jugador hinojense, atento al mal despeje de un Bravo adelantado (se resbal\u00f3 y la dejo corta), se hizo del bal\u00f3n y casi desde mitad de cancha defini\u00f3 por encima del arquero. Golazo y a cobrar para el 2 a 1 del local a los 75&#8242;<\/strong>. Ya sobre el ocaso del encuentro y con Sierra Chica jugando con 10 por la expulsi\u00f3n de Gonzalo Crevat\u00edn (roja directa), lo tuvo Montoya para liquidarlo en el minuto 93\u2019, pero contuvo de buena manera el arquero Bravo.<\/p>\n<p>&nbsp;<\/p>\n<p>No hubo tiempo para m\u00e1s en el Enrique De la Quintana. <strong>Hinojo, despu\u00e9s de un largo tiempo, volvi\u00f3 a quedarse con el popular cl\u00e1sico del pueblo<\/strong> y festej\u00f3 lo realizado ante su gente con todo el color que le pusieron a la jornada. <strong>En la pr\u00f3xima fecha, el \u201cAlbiverde\u201d volver\u00e1 a ser local frente a Alumni de Benito Ju\u00e1rez<\/strong>, mientras que <strong>Sierra Chica recibir\u00e1 en su casa a Ingeniero Newbery de Lamadrid<\/strong>.<\/p>\n<p>&nbsp;<\/p>\n<p><strong>S\u00edntesis Hinojo \u2013 Sierra Chica: \u00a0<\/strong><\/p>\n<p><strong>Hinojo (2):<\/strong> Facundo Ferreyra; Sergio Blanco, Ezequiel Amado, Esteban Larraz, Franco Hammerschmidt; Carlos Haas (M. Molinari), Tob\u00edas Dom\u00ednguez, Joel Pois (M. Hammerschmidt), Nicol\u00e1s Arce (L. Montoya); Mat\u00edas Da Rosa y Rub\u00e9n Nadares (J. Serantes). DT: Miguel Aranz\u00e1bal.<\/p>\n<p><strong>Sierra Chica (1): <\/strong>Rodolfo Bravo; Gonzalo Crevat\u00edn, Ezequiel Motta, Enrique Azato (E. Rodr\u00edguez), Facundo Crevat\u00edn; Santiago Ledesma (J. Belinch\u00f3n), N\u00e9stor Arena, Miqueas Molina, Leandro Pais (E. Molina); Emanuel De Cort\u00e1zar (E. D\u00edaz) y Nazareno Guti\u00e9rrez (A. Oron\u00e1). DT: Mart\u00edn La Ferrara.<\/p>\n<p><strong>Goles<\/strong>: 36m. PT Emanuel De Cort\u00e1zar (SC); 18m. ST Ezequiel Amado (H) y 30m. ST Joel Pois (H).<\/p>\n<p><strong>Amonestados<\/strong>: Amado, Larraz, Pois y Da Rosa (Hinojo); Ledesma, Guti\u00e9rrez, Azato y Rodr\u00edguez (Sierra Chica).<\/p>\n<p><strong>Expulsados<\/strong>: 34m. ST Gonzalo Crevat\u00edn (SC).<\/p>\n<p><strong>\u00c1rbitro<\/strong>: Jer\u00f3nimo Gallo. <strong>Estadio<\/strong>: Enrique De la Quintana.<\/p>\n","protected":false},"excerpt":{"rendered":"<p>Sierra Chica lo ganaba por la m\u00ednima diferencia en el Enrique De la Quintana, pero en el complemento Hinojo sali\u00f3<\/p>\n","protected":false},"author":96739694,"featured_media":154129,"comment_status":"closed","ping_status":"closed","sticky":false,"template":"","format":"standard","meta":{"_jetpack_memberships_contains_paid_content":false,"footnotes":""},"categories":[35,1,41],"tags":[],"class_list":["post-139350","post","type-post","status-publish","format-standard","has-post-thumbnail","hentry","category-futbol","category-portada","category-primera-y-reserva"],"jetpack_featured_media_url":"https:\/\/i0.wp.com\/cdnoticias.com\/wp-content\/uploads\/2023\/03\/hinojo-sc-7.jpg?fit=1280%2C853&ssl=1","jetpack_sharing_enabled":true,"_links":{"self":[{"href":"https:\/\/cdnoticias.com\/index.php\/wp-json\/wp\/v2\/posts\/139350","targetHints":{"allow":["GET"]}}],"collection":[{"href":"https:\/\/cdnoticias.com\/index.php\/wp-json\/wp\/v2\/posts"}],"about":[{"href":"https:\/\/cdnoticias.com\/index.php\/wp-json\/wp\/v2\/types\/post"}],"author":[{"embeddable":true,"href":"https:\/\/cdnoticias.com\/index.php\/wp-json\/wp\/v2\/users\/96739694"}],"replies":[{"embeddable":true,"href":"https:\/\/cdnoticias.com\/index.php\/wp-json\/wp\/v2\/comments?post=139350"}],"version-history":[{"count":0,"href":"https:\/\/cdnoticias.com\/index.php\/wp-json\/wp\/v2\/posts\/139350\/revisions"}],"wp:featuredmedia":[{"embeddable":true,"href":"https:\/\/cdnoticias.com\/index.php\/wp-json\/wp\/v2\/media\/154129"}],"wp:attachment":[{"href":"https:\/\/cdnoticias.com\/index.php\/wp-json\/wp\/v2\/media?parent=139350"}],"wp:term":[{"taxonomy":"category","embeddable":true,"href":"https:\/\/cdnoticias.com\/index.php\/wp-json\/wp\/v2\/categories?post=139350"},{"taxonomy":"post_tag","embeddable":true,"href":"https:\/\/cdnoticias.com\/index.php\/wp-json\/wp\/v2\/tags?post=139350"}],"curies":[{"name":"wp","href":"https:\/\/api.w.org\/{rel}","templated":true}]}}