{"id":139339,"date":"2023-03-18T19:50:35","date_gmt":"2023-03-18T22:50:35","guid":{"rendered":"http:\/\/centraldeportes.com.ar\/?p=32208"},"modified":"2025-02-11T13:31:37","modified_gmt":"2025-02-11T16:31:37","slug":"los-juveniles-cumplieron-todos-los-compromisos-de-la-3-fecha","status":"publish","type":"post","link":"https:\/\/cdnoticias.com\/index.php\/2023\/03\/18\/los-juveniles-cumplieron-todos-los-compromisos-de-la-3-fecha\/","title":{"rendered":"Los juveniles cumplieron todos los compromisos de la 3\u00b0 fecha"},"content":{"rendered":"<p>Con acci\u00f3n en diferentes escenarios de la ciudad, este s\u00e1bado las categor\u00edas menores de la Liga de F\u00fatbol de Olavarr\u00eda jugaron el resto de los partidos de la tercera fecha pertenecientes al primer certamen oficial del a\u00f1o.<!--more--><\/p>\n<hr \/>\n<p>Jornada a puro f\u00fatbol para los m\u00e1s chicos, ya que este s\u00e1bado disputaron gran parte de la <strong>3\u00b0 fecha del Torneo \u201cSim\u00f3n Vivas\u201d<\/strong> que hab\u00eda comenzado el pasado viernes con <a href=\"https:\/\/cdnoticias.com\/lujan-y-ferro-marcaron-el-regreso-del-torneo-simon-vivas\/\">dos enfrentamientos<\/a> entre Luj\u00e1n y Ferro Carril Sud.<\/p>\n<p>&nbsp;<\/p>\n<p>La pelota rod\u00f3 para las dos zonas en los escenarios de Racing, Municipales, Estudiantes, Embajadores e Hinojo. Adem\u00e1s, <strong>el cruce entre el \u201cBataraz\u201d y el \u201cDiplom\u00e1tico\u201d fue el \u00fanico con acci\u00f3n en todas las categor\u00edas<\/strong>, las cuales tuvieron divisi\u00f3n de local\u00edas.<\/p>\n<p>&nbsp;<\/p>\n<p>Asimismo, del total de los partidos disputados <strong>se contabilizaron 72 goles en toda la fecha<\/strong>, que tuvo como \u00fanico equipo <strong>sin actividad a Loma Negra<\/strong>.<\/p>\n<p>&nbsp;<\/p>\n<p>[soliloquy id=&#8221;32202&#8243;]<\/p>\n<p>&nbsp;<\/p>\n<h6><strong>Resultados:<\/strong><\/h6>\n<p>&nbsp;<\/p>\n<p><strong>En D\u00e9cima<\/strong>:<\/p>\n<p>Racing 5 \u2013 0 San Mart\u00edn<\/p>\n<p>Municipales 2 \u2013 0 Sierra Chica<\/p>\n<p>Estudiantes 2 \u2013 3 Embajadores<\/p>\n<p>Hinojo 0 \u2013 1 El Fort\u00edn<\/p>\n<p>&nbsp;<\/p>\n<p><strong>En Novena<\/strong>:<\/p>\n<p>Racing 4 \u2013 0 San Mart\u00edn<\/p>\n<p>Estudiantes 1 \u2013 0 Embajadores<\/p>\n<p>&nbsp;<\/p>\n<p><strong>En Octava<\/strong>:<\/p>\n<p>Luj\u00e1n 0 \u2013 2 Ferro<\/p>\n<p>Racing 0 \u2013 2 San Mart\u00edn<\/p>\n<p>Municipales 2 \u2013 1 Sierra Chica<\/p>\n<p>Estudiantes 1 \u2013 0 Embajadores<\/p>\n<p>Hinojo 3 \u2013 5 El Fort\u00edn<\/p>\n<p>&nbsp;<\/p>\n<p><strong>En S\u00e9ptima<\/strong>:<\/p>\n<p>Racing 2 \u2013 0 San Mart\u00edn<\/p>\n<p>Embajadores 0 \u2013 0 Estudiantes<\/p>\n<p>&nbsp;<\/p>\n<p><strong>En Sexta<\/strong>:<\/p>\n<p><a href=\"https:\/\/cdnoticias.com\/lujan-y-ferro-marcaron-el-regreso-del-torneo-simon-vivas\/\">Luj\u00e1n 0 \u2013 3 Ferro<\/a><\/p>\n<p>Municipales 0 \u2013 2 Sierra Chica<\/p>\n<p>Embajadores 0 \u2013 0 Estudiantes<\/p>\n<p>Hinojo 1 \u2013 6 El Fort\u00edn<\/p>\n<p>&nbsp;<\/p>\n<p><strong>En Quinta<\/strong>:<\/p>\n<p><a href=\"https:\/\/cdnoticias.com\/lujan-y-ferro-marcaron-el-regreso-del-torneo-simon-vivas\/\">Luj\u00e1n 0 \u2013 6 Ferro<\/a><\/p>\n<p>Racing 2 \u2013 2 San Mart\u00edn<\/p>\n<p>Municipales 0 \u2013 5 Sierra Chica<\/p>\n<p>Embajadores 3 \u2013 2 Estudiantes<\/p>\n<p>Hinojo 3 \u2013 1 El Fort\u00edn<\/p>\n","protected":false},"excerpt":{"rendered":"<p>Con acci\u00f3n en diferentes escenarios de la ciudad, este s\u00e1bado las categor\u00edas menores de la Liga de F\u00fatbol de Olavarr\u00eda<\/p>\n","protected":false},"author":96739694,"featured_media":154043,"comment_status":"closed","ping_status":"closed","sticky":false,"template":"","format":"standard","meta":{"_jetpack_memberships_contains_paid_content":false,"footnotes":""},"categories":[35,40,1],"tags":[],"class_list":["post-139339","post","type-post","status-publish","format-standard","has-post-thumbnail","hentry","category-futbol","category-inferiores","category-portada"],"jetpack_featured_media_url":"https:\/\/i0.wp.com\/cdnoticias.com\/wp-content\/uploads\/2023\/03\/inferiores-9.jpeg?fit=1500%2C1000&ssl=1","jetpack_sharing_enabled":true,"_links":{"self":[{"href":"https:\/\/cdnoticias.com\/index.php\/wp-json\/wp\/v2\/posts\/139339","targetHints":{"allow":["GET"]}}],"collection":[{"href":"https:\/\/cdnoticias.com\/index.php\/wp-json\/wp\/v2\/posts"}],"about":[{"href":"https:\/\/cdnoticias.com\/index.php\/wp-json\/wp\/v2\/types\/post"}],"author":[{"embeddable":true,"href":"https:\/\/cdnoticias.com\/index.php\/wp-json\/wp\/v2\/users\/96739694"}],"replies":[{"embeddable":true,"href":"https:\/\/cdnoticias.com\/index.php\/wp-json\/wp\/v2\/comments?post=139339"}],"version-history":[{"count":0,"href":"https:\/\/cdnoticias.com\/index.php\/wp-json\/wp\/v2\/posts\/139339\/revisions"}],"wp:featuredmedia":[{"embeddable":true,"href":"https:\/\/cdnoticias.com\/index.php\/wp-json\/wp\/v2\/media\/154043"}],"wp:attachment":[{"href":"https:\/\/cdnoticias.com\/index.php\/wp-json\/wp\/v2\/media?parent=139339"}],"wp:term":[{"taxonomy":"category","embeddable":true,"href":"https:\/\/cdnoticias.com\/index.php\/wp-json\/wp\/v2\/categories?post=139339"},{"taxonomy":"post_tag","embeddable":true,"href":"https:\/\/cdnoticias.com\/index.php\/wp-json\/wp\/v2\/tags?post=139339"}],"curies":[{"name":"wp","href":"https:\/\/api.w.org\/{rel}","templated":true}]}}