{"id":139337,"date":"2023-03-18T15:54:52","date_gmt":"2023-03-18T18:54:52","guid":{"rendered":"http:\/\/centraldeportes.com.ar\/?p=32194"},"modified":"2025-02-11T13:31:44","modified_gmt":"2025-02-11T16:31:44","slug":"olavarria-fue-tercera-en-la-copa-necochea","status":"publish","type":"post","link":"https:\/\/cdnoticias.com\/index.php\/2023\/03\/18\/olavarria-fue-tercera-en-la-copa-necochea\/","title":{"rendered":"Olavarr\u00eda fue tercera en la \u201cCopa Necochea\u201d"},"content":{"rendered":"<p>El pasado fin de semana, trebejistas olavarrienses participaron de la 65\u00b0 edici\u00f3n del Torneo por Equipos \u201cPlayas de Necochea\u201d y lograron subirse al podio.<!--more--><\/p>\n<hr \/>\n<p>En instalaciones del Centro Cultural de la ciudad balnearia y bajo la organizaci\u00f3n de Mariano Loiterstein, se llev\u00f3 a cabo la competencia que tuvo destacada actuaci\u00f3n de los olavarrienses.<\/p>\n<p>&nbsp;<\/p>\n<p>Horacio Pereyra, Augusto Ara\u00f1a, Jorge Luque y el bolivarense Diego Iborra representaron a Olavarr\u00eda en el certamen que se disput\u00f3 por sistema suizo a siete\u00a0rondas con un tiempo de reflexi\u00f3n de veinte\u00a0minutos m\u00e1s diez\u00a0segundos de incremento por movida.<\/p>\n<p>&nbsp;<\/p>\n<p>El torneo, que volvi\u00f3 a realizarse luego de cuatro\u00a0a\u00f1os, cont\u00f3 con la participaci\u00f3n de 36 equipos de, al menos, cuatro\u00a0jugadores (opcional un suplente) y el equipo de Olavarr\u00eda, quienes, tras aventajar por sistema de desempate al C\u00edrculo de Ajedrez de Ushuaia, lograron un hito hist\u00f3rico para el ajedrez olavarriense al alcanzar el tercer puesto, obteniendo no solo dicho galard\u00f3n, sino tambi\u00e9n el correspondiente al Mejor Equipo Sub 2000.<\/p>\n<p>&nbsp;<\/p>\n<p>El primer lugar fue para el equipo Infancia Compartida compuesto por GM Robert Hungaski, MI Lucas Liascovich, MI Marcelo Tempone y Mihail Harasic con 13 puntos de match y segundo se ubic\u00f3 Pehuaj\u00f3 con 12 puntos. Olavarr\u00eda fue tercero con 10 puntos.<\/p>\n<p>&nbsp;<\/p>\n<p>Adem\u00e1s, la olavarriense Ana Clara Mariani ofici\u00f3 de \u00e1rbitro y en lo que respecta a las actuaciones individuales, Horacio Pereyra defendi\u00f3 el 1\u00b0 tablero logrando 5\u00bd puntos (5 victorias, un empate y una derrota), Jorge Luque logr\u00f3 5 unidades en el 2\u00b0 (+4, =2, -1), Diego Iborra totaliz\u00f3 4 puntos en el 3\u00b0 (+3, =2, -2) y Augusto Ara\u00f1a sum\u00f3 4\u00bd en el 4\u00b0 tablero (+4, =1, -2).<\/p>\n<p>&nbsp;<\/p>\n<p>Con motivo de rendir un homenaje, este a\u00f1o la organizaci\u00f3n quiso que el premio para la mejor performance individual lleve el nombre \u201cMF Sergio Javier Arambel\u201d, que qued\u00f3 en poder del MF Juan Cruz Arias (C\u00edrculo de Ajedrez de Ushuaia), quien se impuso en las siete\u00a0partidas que disput\u00f3.<\/p>\n","protected":false},"excerpt":{"rendered":"<p>El pasado fin de semana, trebejistas olavarrienses participaron de la 65\u00b0 edici\u00f3n del Torneo por Equipos \u201cPlayas de Necochea\u201d y<\/p>\n","protected":false},"author":96739694,"featured_media":154047,"comment_status":"closed","ping_status":"closed","sticky":false,"template":"","format":"standard","meta":{"_jetpack_memberships_contains_paid_content":false,"footnotes":""},"categories":[30,1],"tags":[],"class_list":["post-139337","post","type-post","status-publish","format-standard","has-post-thumbnail","hentry","category-polideportivo","category-portada"],"jetpack_featured_media_url":"https:\/\/i0.wp.com\/cdnoticias.com\/wp-content\/uploads\/2023\/03\/703-777x437.jpg?fit=777%2C437&ssl=1","jetpack_sharing_enabled":true,"_links":{"self":[{"href":"https:\/\/cdnoticias.com\/index.php\/wp-json\/wp\/v2\/posts\/139337","targetHints":{"allow":["GET"]}}],"collection":[{"href":"https:\/\/cdnoticias.com\/index.php\/wp-json\/wp\/v2\/posts"}],"about":[{"href":"https:\/\/cdnoticias.com\/index.php\/wp-json\/wp\/v2\/types\/post"}],"author":[{"embeddable":true,"href":"https:\/\/cdnoticias.com\/index.php\/wp-json\/wp\/v2\/users\/96739694"}],"replies":[{"embeddable":true,"href":"https:\/\/cdnoticias.com\/index.php\/wp-json\/wp\/v2\/comments?post=139337"}],"version-history":[{"count":0,"href":"https:\/\/cdnoticias.com\/index.php\/wp-json\/wp\/v2\/posts\/139337\/revisions"}],"wp:featuredmedia":[{"embeddable":true,"href":"https:\/\/cdnoticias.com\/index.php\/wp-json\/wp\/v2\/media\/154047"}],"wp:attachment":[{"href":"https:\/\/cdnoticias.com\/index.php\/wp-json\/wp\/v2\/media?parent=139337"}],"wp:term":[{"taxonomy":"category","embeddable":true,"href":"https:\/\/cdnoticias.com\/index.php\/wp-json\/wp\/v2\/categories?post=139337"},{"taxonomy":"post_tag","embeddable":true,"href":"https:\/\/cdnoticias.com\/index.php\/wp-json\/wp\/v2\/tags?post=139337"}],"curies":[{"name":"wp","href":"https:\/\/api.w.org\/{rel}","templated":true}]}}